{"id":116234,"date":"2026-02-26T09:19:06","date_gmt":"2026-02-26T09:19:06","guid":{"rendered":"https:\/\/www.europesays.com\/ee\/116234\/"},"modified":"2026-02-26T09:19:06","modified_gmt":"2026-02-26T09:19:06","slug":"kuuba-voimud-lasid-maha-neli-floridast-saabunud-vaidetavat-terroristi","status":"publish","type":"post","link":"https:\/\/www.europesays.com\/ee\/116234\/","title":{"rendered":"Kuuba v\u00f5imud lasid maha neli Floridast saabunud v\u00e4idetavat terroristi"},"content":{"rendered":"<p>Kuuba piirivalve lasi kolmap\u00e4eval Kuuba ranniku l\u00e4hedal toimunud tulevahetuses maha neli ja haavas kuut inimest, kes viibisid \u00dchendriikides registreeritud kiirpaadis, teatas Kuuba siseministeerium.<\/p>\n<p>Ministeeriumi teatel avati Floridas registreeritud paadist tuli, kui Kuuba piirivalvealus sellele reisijate tuvastamiseks l\u00e4henes. Tulistamises sai haavata Kuuba aluse kapten.<\/p>\n","protected":false},"excerpt":{"rendered":"Kuuba piirivalve lasi kolmap\u00e4eval Kuuba ranniku l\u00e4hedal toimunud tulevahetuses maha neli ja haavas kuut inimest, kes viibisid \u00dchendriikides&hellip;\n","protected":false},"author":2,"featured_media":116235,"comment_status":"","ping_status":"","sticky":false,"template":"","format":"standard","meta":{"footnotes":"","_share_on_mastodon":"0"},"categories":[80],"tags":[587,26,27,37,33,35,34,36,31,32,13212,21,4652,3345,28,29,95,1894,19,25,23,24,22,20,30,92,93,94],"class_list":["post-116234","post","type-post","status-publish","format-standard","has-post-thumbnail","category-maailm","tag-ameerika-uhendriigid","tag-breaking-news","tag-breakingnews","tag-ee","tag-eesti","tag-eesti-keel","tag-estonia","tag-estonian","tag-featured-news","tag-featurednews","tag-florida","tag-headlines","tag-jd-vance","tag-kuuba","tag-latest-news","tag-latestnews","tag-maailm","tag-marco-rubio","tag-news","tag-populaarseimad-lood","tag-top-stories","tag-topstories","tag-uldised-uudised","tag-uudised","tag-viimased-uudised","tag-world","tag-world-news","tag-worldnews"],"share_on_mastodon":{"url":"https:\/\/pubeurope.com\/@ee\/116136192523230822","error":""},"_links":{"self":[{"href":"https:\/\/www.europesays.com\/ee\/wp-json\/wp\/v2\/posts\/116234","targetHints":{"allow":["GET"]}}],"collection":[{"href":"https:\/\/www.europesays.com\/ee\/wp-json\/wp\/v2\/posts"}],"about":[{"href":"https:\/\/www.europesays.com\/ee\/wp-json\/wp\/v2\/types\/post"}],"author":[{"embeddable":true,"href":"https:\/\/www.europesays.com\/ee\/wp-json\/wp\/v2\/users\/2"}],"replies":[{"embeddable":true,"href":"https:\/\/www.europesays.com\/ee\/wp-json\/wp\/v2\/comments?post=116234"}],"version-history":[{"count":0,"href":"https:\/\/www.europesays.com\/ee\/wp-json\/wp\/v2\/posts\/116234\/revisions"}],"wp:featuredmedia":[{"embeddable":true,"href":"https:\/\/www.europesays.com\/ee\/wp-json\/wp\/v2\/media\/116235"}],"wp:attachment":[{"href":"https:\/\/www.europesays.com\/ee\/wp-json\/wp\/v2\/media?parent=116234"}],"wp:term":[{"taxonomy":"category","embeddable":true,"href":"https:\/\/www.europesays.com\/ee\/wp-json\/wp\/v2\/categories?post=116234"},{"taxonomy":"post_tag","embeddable":true,"href":"https:\/\/www.europesays.com\/ee\/wp-json\/wp\/v2\/tags?post=116234"}],"curies":[{"name":"wp","href":"https:\/\/api.w.org\/{rel}","templated":true}]}}