{"id":116288,"date":"2026-02-26T10:22:09","date_gmt":"2026-02-26T10:22:09","guid":{"rendered":"https:\/\/www.europesays.com\/ee\/116288\/"},"modified":"2026-02-26T10:22:09","modified_gmt":"2026-02-26T10:22:09","slug":"plekktrummi-kulaline-on-tonu-onnepalu-kultuurisaated","status":"publish","type":"post","link":"https:\/\/www.europesays.com\/ee\/116288\/","title":{"rendered":"Plekktrummi k\u00fclaline on T\u00f5nu \u00d5nnepalu | Kultuurisaated"},"content":{"rendered":"<p>Tuleval n\u00e4dalal on &#8220;Plekktrummi&#8221; k\u00fclaline kirjanik T\u00f5nu \u00d5nnepalu.<\/p>\n<p>Alates Tammsaare romaanist &#8220;T\u00f5de ja \u00f5igus&#8221; on t\u00f6\u00f6tamine ja t\u00f6\u00f6tegemine olnud kesksel kohal eestlaste enesekuvandis. Milline peaks olema t\u00f6\u00f6, mis armastusele l\u00e4hemale viib? &#8220;Plekktrummi&#8221; k\u00fclaline on kirjanik T\u00f5nu \u00d5nnepalu, kellelt on ilmumas romaan &#8220;T\u00f6\u00f6p\u00e4ev. Argikom\u00f6\u00f6dia&#8221;.<\/p>\n<p>&#8220;Plekktrumm&#8221; on ETV2 eetris esmasp\u00e4eval kell 22.00.<\/p>\n","protected":false},"excerpt":{"rendered":"Tuleval n\u00e4dalal on &#8220;Plekktrummi&#8221; k\u00fclaline kirjanik T\u00f5nu \u00d5nnepalu. Alates Tammsaare romaanist &#8220;T\u00f5de ja \u00f5igus&#8221; on t\u00f6\u00f6tamine ja t\u00f6\u00f6tegemine&hellip;\n","protected":false},"author":2,"featured_media":116289,"comment_status":"","ping_status":"","sticky":false,"template":"","format":"standard","meta":{"footnotes":"","_share_on_mastodon":"0"},"categories":[16],"tags":[37,33,35,173,34,36,140,9873,33738],"class_list":["post-116288","post","type-post","status-publish","format-standard","has-post-thumbnail","category-meelelahutus","tag-ee","tag-eesti","tag-eesti-keel","tag-entertainment","tag-estonia","tag-estonian","tag-meelelahutus","tag-plekktrumm","tag-tonu-onnepalu"],"share_on_mastodon":{"url":"https:\/\/pubeurope.com\/@ee\/116136440423642747","error":""},"_links":{"self":[{"href":"https:\/\/www.europesays.com\/ee\/wp-json\/wp\/v2\/posts\/116288","targetHints":{"allow":["GET"]}}],"collection":[{"href":"https:\/\/www.europesays.com\/ee\/wp-json\/wp\/v2\/posts"}],"about":[{"href":"https:\/\/www.europesays.com\/ee\/wp-json\/wp\/v2\/types\/post"}],"author":[{"embeddable":true,"href":"https:\/\/www.europesays.com\/ee\/wp-json\/wp\/v2\/users\/2"}],"replies":[{"embeddable":true,"href":"https:\/\/www.europesays.com\/ee\/wp-json\/wp\/v2\/comments?post=116288"}],"version-history":[{"count":0,"href":"https:\/\/www.europesays.com\/ee\/wp-json\/wp\/v2\/posts\/116288\/revisions"}],"wp:featuredmedia":[{"embeddable":true,"href":"https:\/\/www.europesays.com\/ee\/wp-json\/wp\/v2\/media\/116289"}],"wp:attachment":[{"href":"https:\/\/www.europesays.com\/ee\/wp-json\/wp\/v2\/media?parent=116288"}],"wp:term":[{"taxonomy":"category","embeddable":true,"href":"https:\/\/www.europesays.com\/ee\/wp-json\/wp\/v2\/categories?post=116288"},{"taxonomy":"post_tag","embeddable":true,"href":"https:\/\/www.europesays.com\/ee\/wp-json\/wp\/v2\/tags?post=116288"}],"curies":[{"name":"wp","href":"https:\/\/api.w.org\/{rel}","templated":true}]}}