{"id":116344,"date":"2026-02-26T11:20:03","date_gmt":"2026-02-26T11:20:03","guid":{"rendered":"https:\/\/www.europesays.com\/ee\/116344\/"},"modified":"2026-02-26T11:20:03","modified_gmt":"2026-02-26T11:20:03","slug":"bill-gates-tunnistas-ules-mul-oli-abielu-ajal-kaks-venelasest-armukest","status":"publish","type":"post","link":"https:\/\/www.europesays.com\/ee\/116344\/","title":{"rendered":"Bill Gates tunnistas \u00fcles: mul oli abielu ajal kaks venelasest armukest"},"content":{"rendered":"<p>Teisip\u00e4eval tunnistas 70-aastane Gates oma sihtasutuse t\u00f6\u00f6tajatele \u00fcles, et lendas korduvalt s\u00fc\u00fcdim\u00f5istetud seksuaalkurjategija eralennukiga ja veetis temaga aega nii USA-s kui ka v\u00e4lismaal, kuid toonitas, et ta ei ole \u00fcheski kuriteos osalenud. Ta v\u00e4itis, et pole kunagi k\u00fclastanud Epsteinile kuulunud saart.<\/p>\n<p>Gates kohtus Epsteiniga esimest korda 2011. aastal. Selleks ajaks oli Epstein juba Florida osariigis s\u00fc\u00fcdi m\u00f5istetud alaealise prostitutsioonile vahendamises. Nende s\u00f5prussuhe j\u00e4tkus hoolimata sellest, et Gatesi toonane abikaasa Melinda French Gates v\u00e4ljendas muret nende suhtlemise p\u00e4rast. \u201eMa pean talle au andma selle eest, et ta oli alati skeptiline Epsteini suhtes ja tal oligi \u00f5igus,\u201c \u00fctles Gates. Samal ajal v\u00e4idab ta siiani, et polnud teadlik s\u00fc\u00fcdistustest, mida Epsteinile oli selleks ajaks esitatud. <\/p>\n<p>Oled juba tellija?Logi sisse<\/p>\n<p><a href=\"https:\/\/kroonika.delfi.ee\/artikkel\/120438812\/bill-gates-tunnistas-ules-mul-oli-abielu-ajal-kaks-venelasest-armukest\/kommentaarid\" class=\"article-body-bottom__comment article-body-bottom__comment--write button button--primary button--size-auto\" rel=\"nofollow noopener\" target=\"_blank\"> Kommenteeri <\/a><a href=\"https:\/\/kroonika.delfi.ee\/artikkel\/120438812\/bill-gates-tunnistas-ules-mul-oli-abielu-ajal-kaks-venelasest-armukest\/kommentaarid\" class=\"article-body-bottom__comment article-body-bottom__comment--read button button--size-auto\" rel=\"nofollow noopener\" target=\"_blank\"> Loe kommentaare (10)<\/a><\/p>\n","protected":false},"excerpt":{"rendered":"Teisip\u00e4eval tunnistas 70-aastane Gates oma sihtasutuse t\u00f6\u00f6tajatele \u00fcles, et lendas korduvalt s\u00fc\u00fcdim\u00f5istetud seksuaalkurjategija eralennukiga ja veetis temaga aega&hellip;\n","protected":false},"author":2,"featured_media":116345,"comment_status":"","ping_status":"","sticky":false,"template":"","format":"standard","meta":{"footnotes":"","_share_on_mastodon":"0"},"categories":[80],"tags":[15927,26,27,37,33,35,34,36,31,32,21,28,29,95,19,25,23,24,22,20,30,92,93,94],"class_list":["post-116344","post","type-post","status-publish","format-standard","has-post-thumbnail","category-maailm","tag-bill-gates","tag-breaking-news","tag-breakingnews","tag-ee","tag-eesti","tag-eesti-keel","tag-estonia","tag-estonian","tag-featured-news","tag-featurednews","tag-headlines","tag-latest-news","tag-latestnews","tag-maailm","tag-news","tag-populaarseimad-lood","tag-top-stories","tag-topstories","tag-uldised-uudised","tag-uudised","tag-viimased-uudised","tag-world","tag-world-news","tag-worldnews"],"share_on_mastodon":{"url":"https:\/\/pubeurope.com\/@ee\/116136668346513556","error":""},"_links":{"self":[{"href":"https:\/\/www.europesays.com\/ee\/wp-json\/wp\/v2\/posts\/116344","targetHints":{"allow":["GET"]}}],"collection":[{"href":"https:\/\/www.europesays.com\/ee\/wp-json\/wp\/v2\/posts"}],"about":[{"href":"https:\/\/www.europesays.com\/ee\/wp-json\/wp\/v2\/types\/post"}],"author":[{"embeddable":true,"href":"https:\/\/www.europesays.com\/ee\/wp-json\/wp\/v2\/users\/2"}],"replies":[{"embeddable":true,"href":"https:\/\/www.europesays.com\/ee\/wp-json\/wp\/v2\/comments?post=116344"}],"version-history":[{"count":0,"href":"https:\/\/www.europesays.com\/ee\/wp-json\/wp\/v2\/posts\/116344\/revisions"}],"wp:featuredmedia":[{"embeddable":true,"href":"https:\/\/www.europesays.com\/ee\/wp-json\/wp\/v2\/media\/116345"}],"wp:attachment":[{"href":"https:\/\/www.europesays.com\/ee\/wp-json\/wp\/v2\/media?parent=116344"}],"wp:term":[{"taxonomy":"category","embeddable":true,"href":"https:\/\/www.europesays.com\/ee\/wp-json\/wp\/v2\/categories?post=116344"},{"taxonomy":"post_tag","embeddable":true,"href":"https:\/\/www.europesays.com\/ee\/wp-json\/wp\/v2\/tags?post=116344"}],"curies":[{"name":"wp","href":"https:\/\/api.w.org\/{rel}","templated":true}]}}