{"id":116364,"date":"2026-02-26T11:43:08","date_gmt":"2026-02-26T11:43:08","guid":{"rendered":"https:\/\/www.europesays.com\/ee\/116364\/"},"modified":"2026-02-26T11:43:08","modified_gmt":"2026-02-26T11:43:08","slug":"vilja-kusib-kris-karner-tana-ma-olen-juba-oht-liberalismile-delfi","status":"publish","type":"post","link":"https:\/\/www.europesays.com\/ee\/116364\/","title":{"rendered":"VILJA K\u00dcSIB | Kris K\u00e4rner: t\u00e4na ma olen juba oht liberalismile &#8211; Delfi"},"content":{"rendered":"<ol>\n<li><a href=\"https:\/\/news.google.com\/rss\/articles\/CBMiqwFBVV95cUxPMnJfTVJydWNGd1NjZnBfLU53eFBJTmhkWEtfXzdkNFdMTURuVGppclJHeUdNR25VWk5LQ2NJRS1NUTdIc0VzZ2Q4QWlsOEFNVDR0VkN6QzBhaXRnUFhOUlhpLUdIT0JMUlRCVmV3cTkxZnRWVHgwM1NaNW56M2FjaldYYmV0U25sd2ZTejlVTGJFWFk3WlpGZHVGZ3RKNl9iUW1aMEZGTXdidlU?oc=5\" target=\"_blank\" rel=\"nofollow noopener\">VILJA K\u00dcSIB | Kris K\u00e4rner: t\u00e4na ma olen juba oht liberalismile<\/a>&nbsp;&nbsp;Delfi<\/li>\n<li><a href=\"https:\/\/news.google.com\/rss\/articles\/CBMizgFBVV95cUxNNldYdU5fY1Rzc284LWtMdE84dUpfWkwzbHNkTWlkY3BvdnRERkEzamkxaml6YnZCQ0szeVRhM2EyTUdwMG1NTjhUYkFCTElGV1VsNHBqdzJzVlIwZDlsTmpuemhUUGdZb3Z0dTdSVkpXa1g2MUxiZkVGUkNIWUpWUWtEVEUzaDJUZW82YmJxLVpHNF9CZTJudDZDS1BlSWxCVTB1VWhCN3pjQzVEbVBCNTVtaWJpSUdvZWZqbVE5RXB6bDRRUkdLdUNVcElYUQ?oc=5\" target=\"_blank\" rel=\"nofollow noopener\">Perearst Kris K\u00e4rneri skandaalsetest v\u00e4lja\u00fctlemistest: sellised asjad v\u00f5imendavad vaimset v\u00e4givalda<\/a>&nbsp;&nbsp;Elu24<\/li>\n<li><a href=\"https:\/\/news.google.com\/rss\/articles\/CBMizgFBVV95cUxPWTVwNjJVZDNweEtMNHFySTFER08taklwSGJvRXVJOHVkMlgxU2pmUGwzaURxVWFYOVYtM25fNnMxenZKOHBNZFZpTGpCZVpteWpPMHoxeHJJT0t2SlZXSUFfVFBDSGRlS3lEVHlpU2djblZ0ZDlqbm9DOGZscDZDMTlwQ2NlUVFlVE9LYmlqVWpqbENEbm5DWV9OazJEbnJpZXJ0b2dvY0hwVHRRTTItTnlfMUVTcnV3WXk5ZW5CMV9UZkI5ck52djRXWWlTZw?oc=5\" target=\"_blank\" rel=\"nofollow noopener\">\u201eS\u00f5navabadus ei vabasta vastutusest.\u201c Eesti juudi kogukond soovib holokausti eitamise kriminaliseerimist<\/a>&nbsp;&nbsp;\u00d5htuleht<\/li>\n<li><a href=\"https:\/\/news.google.com\/rss\/articles\/CBMikwFBVV95cUxNUXdwS1V1NFJmdjhpV0dLQ1ZJRVhQVDRqT3hscVNPWnQ4cXhyVk9md0hpd3NzaDBRbDJldVdON3F1dWg5VjU0T3VwQTZDdjQ5NS1ET2d6NWF2OVZ4TzdMRlFxWkF1bXk1cGkwNHZBOTVvbzdVOHV1UVBQbjZhVzdwU2FpR0w4dVVXcmkyWVdKTnkzcUE?oc=5\" target=\"_blank\" rel=\"nofollow noopener\">TV3 VIDEO | K\u00e4rner EKREsse? Martin Helme: Kris on tubli poiss!<\/a>&nbsp;&nbsp;\u00d5htuleht<\/li>\n<li><a href=\"https:\/\/news.google.com\/rss\/articles\/CBMizwFBVV95cUxNcDM4ZkcySDk2c1dZdzBxYzFzZm9LZDhzdE1GUmNLcTNwRHJWWnpLSXNVX1pETUNJZWEyWl9LNjVzT0h4d2lqSnJFTkRfemtWdHM0dEtkR3NINk9HWDZzdXNrbGY1S3ZGanViSmJScTE1MjFNTEp0akotX185bTRHSGdKUnZvV0V0VTJpcUFiZElkTDA3VWxPY0puR09YaFVsVjUtZWhYdHZrVW1pTnp6MkYwd2NQOFBFdk5vY2hHRGc2RGh2TEpaSHpRZ2gtMFU?oc=5\" target=\"_blank\" rel=\"nofollow noopener\">\u201eTUJURIKKUJA\u201c V\u00c4LIM\u00c4\u00c4RAJA: Milliseid klassikalisi sket\u0161e v\u00f5iks Kris K\u00e4rner tulevikus vabandusena kasutada?<\/a>&nbsp;&nbsp;\u00d5htuleht<\/li>\n<\/ol>\n","protected":false},"excerpt":{"rendered":"VILJA K\u00dcSIB | Kris K\u00e4rner: t\u00e4na ma olen juba oht liberalismile&nbsp;&nbsp;Delfi Perearst Kris K\u00e4rneri skandaalsetest v\u00e4lja\u00fctlemistest: sellised asjad&hellip;\n","protected":false},"author":2,"featured_media":116365,"comment_status":"","ping_status":"","sticky":false,"template":"","format":"standard","meta":{"footnotes":"","_share_on_mastodon":"0"},"categories":[12],"tags":[26,27,37,33,35,34,36,31,32,21,731,12521,28,29,19,25,3144,23,24,22,20,30,12117],"class_list":["post-116364","post","type-post","status-publish","format-standard","has-post-thumbnail","category-eesti","tag-breaking-news","tag-breakingnews","tag-ee","tag-eesti","tag-eesti-keel","tag-estonia","tag-estonian","tag-featured-news","tag-featurednews","tag-headlines","tag-isamaa","tag-kris-karner","tag-latest-news","tag-latestnews","tag-news","tag-populaarseimad-lood","tag-tonis-lukas","tag-top-stories","tag-topstories","tag-uldised-uudised","tag-uudised","tag-viimased-uudised","tag-vilja-kiisler"],"share_on_mastodon":{"url":"","error":""},"_links":{"self":[{"href":"https:\/\/www.europesays.com\/ee\/wp-json\/wp\/v2\/posts\/116364","targetHints":{"allow":["GET"]}}],"collection":[{"href":"https:\/\/www.europesays.com\/ee\/wp-json\/wp\/v2\/posts"}],"about":[{"href":"https:\/\/www.europesays.com\/ee\/wp-json\/wp\/v2\/types\/post"}],"author":[{"embeddable":true,"href":"https:\/\/www.europesays.com\/ee\/wp-json\/wp\/v2\/users\/2"}],"replies":[{"embeddable":true,"href":"https:\/\/www.europesays.com\/ee\/wp-json\/wp\/v2\/comments?post=116364"}],"version-history":[{"count":0,"href":"https:\/\/www.europesays.com\/ee\/wp-json\/wp\/v2\/posts\/116364\/revisions"}],"wp:featuredmedia":[{"embeddable":true,"href":"https:\/\/www.europesays.com\/ee\/wp-json\/wp\/v2\/media\/116365"}],"wp:attachment":[{"href":"https:\/\/www.europesays.com\/ee\/wp-json\/wp\/v2\/media?parent=116364"}],"wp:term":[{"taxonomy":"category","embeddable":true,"href":"https:\/\/www.europesays.com\/ee\/wp-json\/wp\/v2\/categories?post=116364"},{"taxonomy":"post_tag","embeddable":true,"href":"https:\/\/www.europesays.com\/ee\/wp-json\/wp\/v2\/tags?post=116364"}],"curies":[{"name":"wp","href":"https:\/\/api.w.org\/{rel}","templated":true}]}}