{"id":116370,"date":"2026-02-26T11:51:11","date_gmt":"2026-02-26T11:51:11","guid":{"rendered":"https:\/\/www.europesays.com\/ee\/116370\/"},"modified":"2026-02-26T11:51:11","modified_gmt":"2026-02-26T11:51:11","slug":"raskest-seisust-edasi-paasenud-atalanta-loots-see-oli-minu-treenerikarjaari-parim-mang-soccernet-ee","status":"publish","type":"post","link":"https:\/\/www.europesays.com\/ee\/116370\/","title":{"rendered":"Raskest seisust edasi p\u00e4\u00e4senud Atalanta loots: see oli minu treenerikarj\u00e4\u00e4ri parim m\u00e4ng &#8211; Soccernet.ee"},"content":{"rendered":"<p><img decoding=\"async\" src=\"https:\/\/www.europesays.com\/ee\/wp-content\/uploads\/2026\/02\/1772098895.jpg\" alt=\"Raffaele Palladino v\u00f5itu t\u00e4histamas. Foto: Scanpix \/ Tiziano Ballabio \/ LiveMedia-IPA \/ ZUMA Press Wire\"\/>&#13;\n<\/p>\n<p>Bergamo Atalanta loots Raffaele Palladino r\u00e4\u00e4kis p\u00e4rast 4:1 v\u00f5itu Dortmundi Borussia \u00fcle, et see on tema treenerikarj\u00e4\u00e4ri tipphetk.<\/p>\n<p>Atalanta oli Meistrite liiga 1\/16-finaali avam\u00e4ngu v\u00f5\u00f5rsil Dortmundi Borussiale 0:2 kaotanud, aga suutis koduses kordusmat\u0161is seisu \u00fcmber p\u00f6\u00f6rata ning edenes ainsa Itaalia klubina kaheksandikfinaali.&#13;\n<\/p>\n<p>&#8220;See m\u00e4ng l\u00e4heb ajalukku, mitte ainult Atalanta, vaid terve Itaalia jalgpalli kontekstis. Tegime tagasituleku, mis j\u00e4\u00e4b ajalooraamatutesse. Oleme nii \u00f5nnelikud, tahan t\u00e4nada k\u00f5iki m\u00e4ngijaid &#8211; nii neid, kes olid platsil, kui ka neid, kes istusid pingil v\u00f5i trib\u00fc\u00fcnil -, oma treeneritetiimi, president Antonio Percassit, direktoreid ja k\u00f5iki f\u00e4nne,&#8221; vahendab Football Italia r\u00f5\u00f5msa Palladino s\u00f5nu.&#13;\n<\/p>\n<p>&#8220;23 000 pealtvaatajat surusid meid algusest l\u00f5puni, nad l\u00f5id meie staadionil unikaalse atmosf\u00e4\u00e4ri. See on arvatavasti parim m\u00e4ng, mida olen oma treenerikarj\u00e4\u00e4ris kogenud, ning j\u00e4\u00e4b mulle meelde igaveseks,&#8221; j\u00e4tkas Palladino.<\/p>\n<p>&#8220;Anal\u00fc\u00fcsisime vastast p\u00f5hjalikult ja teadsime, et meil on v\u00f5imalus. Olukord oli raske, aga eelmise n\u00e4dala v\u00f5it kaotusseisust Napoli vastu andis meile usku juurde.&#8221;&#13;\n<\/p>\n<p>&#8220;Tundus, et keegi v\u00e4ljastpoolt meisse ei uskunud. Seep\u00e4rast \u00fctlesin kuttidele, et peame panema nad k\u00f5ik oma s\u00f5nu s\u00f6\u00f6ma,&#8221; lisas 41-aastane juhendaja.&#13;\n<\/p>\n<p>Dortmundi Borussia peatreener Niko Kovac r\u00e4\u00e4kis DAZN-i vahendusel, et tulemus on \u00f5iglane: &#8220;P\u00e4rast v\u00e4ga head kodum\u00e4ngu ei oleks me tohtinud lasta sellisel seisul siin k\u00e4est libiseda, isegi kui teadsime, et saab olema raske. Oleme Bundesliga meeskond ja peaksime selliste olukordadega toime tulema. V\u00e4\u00e4risimegi v\u00e4ljalangemist. Me ei esinenud piisavalt h\u00e4sti, et edasi p\u00e4\u00e4seda.&#8221;&#13;\n<\/p>\n<p>&#8220;Penaltist pole m\u00f5tet praegu r\u00e4\u00e4kida. Me polnud sisselastud v\u00e4ravate olukordades piisavalt keskendunud. Oleme varemgi sel Meistrite liiga hooajal lasknud endale l\u00fc\u00fca m\u00e4ngu jooksul neli v\u00e4ravat, niimoodi on keeruline. Meistrite liigas karistatakse sellised eksimused \u00e4ra. Oleme v\u00e4ga pettunud,&#8221; tunnistas Kovac.<\/p>\n","protected":false},"excerpt":{"rendered":"&#13; Bergamo Atalanta loots Raffaele Palladino r\u00e4\u00e4kis p\u00e4rast 4:1 v\u00f5itu Dortmundi Borussia \u00fcle, et see on tema treenerikarj\u00e4\u00e4ri&hellip;\n","protected":false},"author":2,"featured_media":116371,"comment_status":"","ping_status":"","sticky":false,"template":"","format":"standard","meta":{"footnotes":"","_share_on_mastodon":"0"},"categories":[18],"tags":[1816,54422,5174,1705,37,33,35,34,36,454,54529,1190,54530,24505,24506,159,158,6639],"class_list":["post-116370","post","type-post","status-publish","format-standard","has-post-thumbnail","category-sport","tag-atalanta","tag-bergamo-atalanta","tag-dortmund","tag-dortmundi-borussia","tag-ee","tag-eesti","tag-eesti-keel","tag-estonia","tag-estonian","tag-jarelkaja","tag-kovac","tag-meistrite-liiga","tag-niko-kovac","tag-palladino","tag-raffaele-palladino","tag-sport","tag-sports","tag-uefa-meistrite-liiga"],"share_on_mastodon":{"url":"https:\/\/pubeurope.com\/@ee\/116136790162309734","error":""},"_links":{"self":[{"href":"https:\/\/www.europesays.com\/ee\/wp-json\/wp\/v2\/posts\/116370","targetHints":{"allow":["GET"]}}],"collection":[{"href":"https:\/\/www.europesays.com\/ee\/wp-json\/wp\/v2\/posts"}],"about":[{"href":"https:\/\/www.europesays.com\/ee\/wp-json\/wp\/v2\/types\/post"}],"author":[{"embeddable":true,"href":"https:\/\/www.europesays.com\/ee\/wp-json\/wp\/v2\/users\/2"}],"replies":[{"embeddable":true,"href":"https:\/\/www.europesays.com\/ee\/wp-json\/wp\/v2\/comments?post=116370"}],"version-history":[{"count":0,"href":"https:\/\/www.europesays.com\/ee\/wp-json\/wp\/v2\/posts\/116370\/revisions"}],"wp:featuredmedia":[{"embeddable":true,"href":"https:\/\/www.europesays.com\/ee\/wp-json\/wp\/v2\/media\/116371"}],"wp:attachment":[{"href":"https:\/\/www.europesays.com\/ee\/wp-json\/wp\/v2\/media?parent=116370"}],"wp:term":[{"taxonomy":"category","embeddable":true,"href":"https:\/\/www.europesays.com\/ee\/wp-json\/wp\/v2\/categories?post=116370"},{"taxonomy":"post_tag","embeddable":true,"href":"https:\/\/www.europesays.com\/ee\/wp-json\/wp\/v2\/tags?post=116370"}],"curies":[{"name":"wp","href":"https:\/\/api.w.org\/{rel}","templated":true}]}}