{"id":116385,"date":"2026-02-26T12:15:05","date_gmt":"2026-02-26T12:15:05","guid":{"rendered":"https:\/\/www.europesays.com\/ee\/116385\/"},"modified":"2026-02-26T12:15:05","modified_gmt":"2026-02-26T12:15:05","slug":"rootsi-tv4-kogu-pohjamaade-energiasusteemi-vastu-on-suunatud-tosine-oht","status":"publish","type":"post","link":"https:\/\/www.europesays.com\/ee\/116385\/","title":{"rendered":"Rootsi TV4: kogu P\u00f5hjamaade energias\u00fcsteemi vastu on suunatud t\u00f5sine oht"},"content":{"rendered":"<p>TV4 teatel on terve rida ametkondi ja politsei\u00fcksusi k\u00f5igis P\u00f5hjamaades h\u00e4ireseisundis.<\/p>\n<p>Telekanali andmetel on tegija, kellel arvatakse olevat seos v\u00e4lisriigiga, ohtu seadnud kogu P\u00f5hjamaade piirkonna energiav\u00f5rgu.<\/p>\n<p>Allikate s\u00f5nul tuleb ohtu v\u00f5tta v\u00e4ga t\u00f5siselt ja seda kirjeldatakse r\u00e4ngana. Mitmed Rootsi ametkonnad osalevad rahvusvahelises operatsioonis ja t\u00f6\u00f6tavad asja kallal aktiivselt, teatas TV4.<\/p>\n<p>Samal ajal on politsei kogu Rootsis saanud korralduse j\u00e4lgida \u00fchiskondlikult kriitilise t\u00e4htsusega tegevust, mis on seotud energiavarustusega.<\/p>\n<p>\u201eV\u00e4liteenistuse politseinikud on saanud tippjuhtkonnalt tungiva \u00fcleskutse v\u00f5tta seda t\u00f5siselt ja olla valvsad ning panna t\u00e4hele k\u00f5ike erandlikku. See on intensiivne t\u00f6\u00f6, mis j\u00e4tkub,\u201c \u00fctles allikas TV4-le.<\/p>\n<p>Ohu allikas on teadete kohaselt andnud t\u00e4htaja, millal r\u00fcnnak peaks toimuma. TV4 ei tea, kuidas r\u00fcnnak peaks toimuma, ega muid \u00fcksikasju selle kohta, mida r\u00fcnnak endast kujutab.<\/p>\n<p>Allika s\u00f5nul v\u00f5ib r\u00fcnnak toimuda l\u00e4hiajal.<\/p>\n<p>Rootsi signaalluureasutus FRA kinnitas osaliselt TV4 andmeid.<\/p>\n<p>\u201ePeab paika, et me oleme kutsunud Rootsi energiasektorit k\u00f5rgendatud valvsusele. Me tegime seda eelmise n\u00e4dala l\u00f5pus riikliku k\u00fcberjulgeolekukeskuse kaudu. Taust on see, et <a rel=\"noopener nofollow\" target=\"_blank\" href=\"https:\/\/www.delfi.ee\/teema\/23754953\/poola\" tag-id=\"23754953\">Poola<\/a> energiasektor oli r\u00fcnnaku all detsembri l\u00f5pus. Me usume, et on p\u00f5hjust olla valvas ka Rootsi kontekstis,\u201c \u00fctles FRA kommunikatsioonijuht Ola Billger.<\/p>\n<p>FRA teatel on energiaobjektidele soovitatud mitmeid julgeolekumeetmeid.<\/p>\n<p>Osaliselt sai TV4 kinnituse ka Rootsi politseilt.<\/p>\n<p>\u201eMe oleme andmetest teadlikud, j\u00e4lgime olukorda aktiivselt ja teeme koost\u00f6\u00f6d asjaomaste tegijatega,\u201c \u00fctles politsei riikliku meediakeskuse k\u00f5neisik Karin Styrenius.<\/p>\n<p>Rootsi energiaamet teatas, et on saanud selle kohta m\u00f5ningast informatsiooni, aga suunas k\u00fcsimused FRA-le.<\/p>\n<p>Soome rahvusringh\u00e4\u00e4ling Yle on k\u00fcsinud kommentaari muu hulgas keskkriminaalpolitseilt, siseministeeriumilt ja kaitseministeeriumilt, aga pole veel vastust saanud.<\/p>\n<p>Kuidas see lugu Sind end tundma pani? Saada <a href=\"https:\/\/www.delfi.ee\/artikkel\/120438897\/rootsi-tv4-kogu-pohjamaade-energiasusteemi-vastu-on-suunatud-tosine-oht\/kommentaarid\" class=\"article-body-bottom__comment article-body-bottom__comment--write button button--primary button--size-auto\" rel=\"nofollow noopener\" target=\"_blank\"> Kommenteeri <\/a><a href=\"https:\/\/www.delfi.ee\/artikkel\/120438897\/rootsi-tv4-kogu-pohjamaade-energiasusteemi-vastu-on-suunatud-tosine-oht\/kommentaarid\" class=\"article-body-bottom__comment article-body-bottom__comment--read button button--size-auto\" rel=\"nofollow noopener\" target=\"_blank\"> Loe kommentaare (6)<\/a><\/p>\n","protected":false},"excerpt":{"rendered":"TV4 teatel on terve rida ametkondi ja politsei\u00fcksusi k\u00f5igis P\u00f5hjamaades h\u00e4ireseisundis. Telekanali andmetel on tegija, kellel arvatakse olevat&hellip;\n","protected":false},"author":2,"featured_media":116386,"comment_status":"","ping_status":"","sticky":false,"template":"","format":"standard","meta":{"footnotes":"","_share_on_mastodon":"0"},"categories":[80],"tags":[26,27,37,33,35,34,36,31,32,21,28,29,95,19,5818,111,25,889,23,24,22,20,30,92,93,94],"class_list":["post-116385","post","type-post","status-publish","format-standard","has-post-thumbnail","category-maailm","tag-breaking-news","tag-breakingnews","tag-ee","tag-eesti","tag-eesti-keel","tag-estonia","tag-estonian","tag-featured-news","tag-featurednews","tag-headlines","tag-latest-news","tag-latestnews","tag-maailm","tag-news","tag-pohjamaad","tag-poola","tag-populaarseimad-lood","tag-rootsi","tag-top-stories","tag-topstories","tag-uldised-uudised","tag-uudised","tag-viimased-uudised","tag-world","tag-world-news","tag-worldnews"],"share_on_mastodon":{"url":"https:\/\/pubeurope.com\/@ee\/116136884598787915","error":""},"_links":{"self":[{"href":"https:\/\/www.europesays.com\/ee\/wp-json\/wp\/v2\/posts\/116385","targetHints":{"allow":["GET"]}}],"collection":[{"href":"https:\/\/www.europesays.com\/ee\/wp-json\/wp\/v2\/posts"}],"about":[{"href":"https:\/\/www.europesays.com\/ee\/wp-json\/wp\/v2\/types\/post"}],"author":[{"embeddable":true,"href":"https:\/\/www.europesays.com\/ee\/wp-json\/wp\/v2\/users\/2"}],"replies":[{"embeddable":true,"href":"https:\/\/www.europesays.com\/ee\/wp-json\/wp\/v2\/comments?post=116385"}],"version-history":[{"count":0,"href":"https:\/\/www.europesays.com\/ee\/wp-json\/wp\/v2\/posts\/116385\/revisions"}],"wp:featuredmedia":[{"embeddable":true,"href":"https:\/\/www.europesays.com\/ee\/wp-json\/wp\/v2\/media\/116386"}],"wp:attachment":[{"href":"https:\/\/www.europesays.com\/ee\/wp-json\/wp\/v2\/media?parent=116385"}],"wp:term":[{"taxonomy":"category","embeddable":true,"href":"https:\/\/www.europesays.com\/ee\/wp-json\/wp\/v2\/categories?post=116385"},{"taxonomy":"post_tag","embeddable":true,"href":"https:\/\/www.europesays.com\/ee\/wp-json\/wp\/v2\/tags?post=116385"}],"curies":[{"name":"wp","href":"https:\/\/api.w.org\/{rel}","templated":true}]}}