{"id":116410,"date":"2026-02-26T12:48:06","date_gmt":"2026-02-26T12:48:06","guid":{"rendered":"https:\/\/www.europesays.com\/ee\/116410\/"},"modified":"2026-02-26T12:48:06","modified_gmt":"2026-02-26T12:48:06","slug":"svt-vene-droon-lahenes-malmo-sadamas-seisvale-prantsusmaa-lennukikandjale","status":"publish","type":"post","link":"https:\/\/www.europesays.com\/ee\/116410\/","title":{"rendered":"SVT: Vene droon l\u00e4henes Malm\u00f6 sadamas seisvale Prantsusmaa lennukikandjale"},"content":{"rendered":"<p>Charles de Gaulle seisab parajasti <a rel=\"noopener nofollow\" target=\"_blank\" href=\"https:\/\/www.delfi.ee\/teema\/56941914\/malmo\" tag-id=\"56941914\">Malm\u00f6<\/a> sadamas ja osaleb muu hulgas strateegilistel \u00f5ppustel.<\/p>\n<p>Seoses lennukikandja visiidiga on SVT teatel aset leidnud t\u00f5sine julgeolekuintsident. L\u00e4hedal viibinud Vene laevalt t\u00f5usis \u00f5hku droon ja l\u00e4henes lennukikandjale, teatas SVT.<\/p>\n<p>Drooni avastas Rootsi kaitsev\u00e4gi, mis hakkas seda elektrooniliselt segama. Selle peale droon kadus. Seni ei ole teada, kas see naasis Vene laevale v\u00f5i kukkus merre.<\/p>\n<p>Charles de Gaulle on maailma suurim mitte-USA lennukikandja, mille pikkus on veidi \u00fcle 260 meetri. Tavaliselt on selle pardal paar tuhat merev\u00e4elast ja umbes 30 h\u00e4vituslennukit.<\/p>\n<p>Kuidas see lugu Sind end tundma pani? Saada <a href=\"https:\/\/www.delfi.ee\/artikkel\/120438908\/svt-vene-droon-lahenes-malmo-sadamas-seisvale-prantsusmaa-lennukikandjale\/kommentaarid\" class=\"article-body-bottom__comment article-body-bottom__comment--write button button--primary button--size-auto\" rel=\"nofollow noopener\" target=\"_blank\"> Kommenteeri <\/a><a href=\"https:\/\/www.delfi.ee\/artikkel\/120438908\/svt-vene-droon-lahenes-malmo-sadamas-seisvale-prantsusmaa-lennukikandjale\/kommentaarid\" class=\"article-body-bottom__comment article-body-bottom__comment--read button button--size-auto\" rel=\"nofollow noopener\" target=\"_blank\"> Loe kommentaare (10)<\/a><\/p>\n","protected":false},"excerpt":{"rendered":"Charles de Gaulle seisab parajasti Malm\u00f6 sadamas ja osaleb muu hulgas strateegilistel \u00f5ppustel. Seoses lennukikandja visiidiga on SVT&hellip;\n","protected":false},"author":2,"featured_media":116411,"comment_status":"","ping_status":"","sticky":false,"template":"","format":"standard","meta":{"footnotes":"","_share_on_mastodon":"0"},"categories":[80],"tags":[26,27,37,33,35,34,36,31,32,21,28,29,95,14534,19,25,52,889,23,24,22,20,96,30,92,93,94],"class_list":["post-116410","post","type-post","status-publish","format-standard","has-post-thumbnail","category-maailm","tag-breaking-news","tag-breakingnews","tag-ee","tag-eesti","tag-eesti-keel","tag-estonia","tag-estonian","tag-featured-news","tag-featurednews","tag-headlines","tag-latest-news","tag-latestnews","tag-maailm","tag-malmo","tag-news","tag-populaarseimad-lood","tag-prantsusmaa","tag-rootsi","tag-top-stories","tag-topstories","tag-uldised-uudised","tag-uudised","tag-venemaa","tag-viimased-uudised","tag-world","tag-world-news","tag-worldnews"],"share_on_mastodon":{"url":"https:\/\/pubeurope.com\/@ee\/116137014225980916","error":""},"_links":{"self":[{"href":"https:\/\/www.europesays.com\/ee\/wp-json\/wp\/v2\/posts\/116410","targetHints":{"allow":["GET"]}}],"collection":[{"href":"https:\/\/www.europesays.com\/ee\/wp-json\/wp\/v2\/posts"}],"about":[{"href":"https:\/\/www.europesays.com\/ee\/wp-json\/wp\/v2\/types\/post"}],"author":[{"embeddable":true,"href":"https:\/\/www.europesays.com\/ee\/wp-json\/wp\/v2\/users\/2"}],"replies":[{"embeddable":true,"href":"https:\/\/www.europesays.com\/ee\/wp-json\/wp\/v2\/comments?post=116410"}],"version-history":[{"count":0,"href":"https:\/\/www.europesays.com\/ee\/wp-json\/wp\/v2\/posts\/116410\/revisions"}],"wp:featuredmedia":[{"embeddable":true,"href":"https:\/\/www.europesays.com\/ee\/wp-json\/wp\/v2\/media\/116411"}],"wp:attachment":[{"href":"https:\/\/www.europesays.com\/ee\/wp-json\/wp\/v2\/media?parent=116410"}],"wp:term":[{"taxonomy":"category","embeddable":true,"href":"https:\/\/www.europesays.com\/ee\/wp-json\/wp\/v2\/categories?post=116410"},{"taxonomy":"post_tag","embeddable":true,"href":"https:\/\/www.europesays.com\/ee\/wp-json\/wp\/v2\/tags?post=116410"}],"curies":[{"name":"wp","href":"https:\/\/api.w.org\/{rel}","templated":true}]}}