{"id":116458,"date":"2026-02-26T13:54:22","date_gmt":"2026-02-26T13:54:22","guid":{"rendered":"https:\/\/www.europesays.com\/ee\/116458\/"},"modified":"2026-02-26T13:54:22","modified_gmt":"2026-02-26T13:54:22","slug":"nutikas-koer-polnud-nous-ilma-uhe-esemeta-polevast-majast-valjuma","status":"publish","type":"post","link":"https:\/\/www.europesays.com\/ee\/116458\/","title":{"rendered":"Nutikas koer polnud n\u00f5us ilma \u00fche esemeta p\u00f5levast majast v\u00e4ljuma"},"content":{"rendered":"<p>Hiljuti USAs Illinois&#8217; osariigis aset leidnud juhtum t\u00f5estab taas, kui nutikad v\u00f5ivad meie neljajalgsed s\u00f5brad olla kriitilistes olukordades. \u00dcksi kodus olnud koer aitas end liigutava \u017eesti abil p\u00f5levast majast p\u00e4\u00e4sta.<\/p>\n<p>Elumajas puhkes tulekahju, hoone t\u00e4itus kiiresti suitsuga ning naabrite teate peale saabus kohale p\u00e4\u00e4steteenistus. Esimesena kohale j\u00f5udnud p\u00e4\u00e4stja kaamera j\u00e4\u00e4dvustas j\u00e4rgneva dramaatilise p\u00e4\u00e4steoperatsiooni.<\/p>\n","protected":false},"excerpt":{"rendered":"Hiljuti USAs Illinois&#8217; osariigis aset leidnud juhtum t\u00f5estab taas, kui nutikad v\u00f5ivad meie neljajalgsed s\u00f5brad olla kriitilistes olukordades.&hellip;\n","protected":false},"author":2,"featured_media":116459,"comment_status":"","ping_status":"","sticky":false,"template":"","format":"standard","meta":{"footnotes":"","_share_on_mastodon":"0"},"categories":[80],"tags":[29124,26,27,37,33,35,34,36,31,32,21,1890,549,28,29,95,19,32687,46921,25,23,24,358,22,20,30,92,93,94],"class_list":["post-116458","post","type-post","status-publish","format-standard","has-post-thumbnail","category-maailm","tag-aurora","tag-breaking-news","tag-breakingnews","tag-ee","tag-eesti","tag-eesti-keel","tag-estonia","tag-estonian","tag-featured-news","tag-featurednews","tag-headlines","tag-illinois","tag-koer","tag-latest-news","tag-latestnews","tag-maailm","tag-news","tag-paasteoperatsioon","tag-paasteteenistus","tag-populaarseimad-lood","tag-top-stories","tag-topstories","tag-tulekahju","tag-uldised-uudised","tag-uudised","tag-viimased-uudised","tag-world","tag-world-news","tag-worldnews"],"share_on_mastodon":{"url":"https:\/\/pubeurope.com\/@ee\/116137273777175540","error":""},"_links":{"self":[{"href":"https:\/\/www.europesays.com\/ee\/wp-json\/wp\/v2\/posts\/116458","targetHints":{"allow":["GET"]}}],"collection":[{"href":"https:\/\/www.europesays.com\/ee\/wp-json\/wp\/v2\/posts"}],"about":[{"href":"https:\/\/www.europesays.com\/ee\/wp-json\/wp\/v2\/types\/post"}],"author":[{"embeddable":true,"href":"https:\/\/www.europesays.com\/ee\/wp-json\/wp\/v2\/users\/2"}],"replies":[{"embeddable":true,"href":"https:\/\/www.europesays.com\/ee\/wp-json\/wp\/v2\/comments?post=116458"}],"version-history":[{"count":0,"href":"https:\/\/www.europesays.com\/ee\/wp-json\/wp\/v2\/posts\/116458\/revisions"}],"wp:featuredmedia":[{"embeddable":true,"href":"https:\/\/www.europesays.com\/ee\/wp-json\/wp\/v2\/media\/116459"}],"wp:attachment":[{"href":"https:\/\/www.europesays.com\/ee\/wp-json\/wp\/v2\/media?parent=116458"}],"wp:term":[{"taxonomy":"category","embeddable":true,"href":"https:\/\/www.europesays.com\/ee\/wp-json\/wp\/v2\/categories?post=116458"},{"taxonomy":"post_tag","embeddable":true,"href":"https:\/\/www.europesays.com\/ee\/wp-json\/wp\/v2\/tags?post=116458"}],"curies":[{"name":"wp","href":"https:\/\/api.w.org\/{rel}","templated":true}]}}