{"id":116510,"date":"2026-02-26T14:58:17","date_gmt":"2026-02-26T14:58:17","guid":{"rendered":"https:\/\/www.europesays.com\/ee\/116510\/"},"modified":"2026-02-26T14:58:17","modified_gmt":"2026-02-26T14:58:17","slug":"meistrite-liiga-%e2%9f%a9-punaste-kaartide-sadu-kaks-poorast-tagasitulekut-ja-juventuse-valus-lopp-postimees-sport","status":"publish","type":"post","link":"https:\/\/www.europesays.com\/ee\/116510\/","title":{"rendered":"MEISTRITE LIIGA \u27e9 Punaste kaartide sadu, kaks p\u00f6\u00f6rast tagasitulekut ja Juventuse valus l\u00f5pp &#8211; Postimees Sport"},"content":{"rendered":"<ol>\n<li><a href=\"https:\/\/news.google.com\/rss\/articles\/CBMiwAFBVV95cUxQb0JnczlYNnl3akI3bDVlYjhFQUttLTVfcGxiMTV3Qjd4eGhOQVI3M1R2c3RjY1YzMTRGcFNyWTgxMVN3SzRRX0RJNHRhWnAzQ3h1dnJvQ1JtTXE4XzR6d2VpNzhjVzAybWJOM3FJcEtyYW9QMDM1c1M1Nkc5ckt1aHJSSjdZY05nQkx0OXUxWkczZGZxTTlNOVgyWXJTc0RSN1o5cm0zTFdOTTdQY0Z4WV9IaXcwdC1ON3REQVU1cm0?oc=5\" target=\"_blank\" rel=\"nofollow noopener\">MEISTRITE LIIGA \u27e9 Punaste kaartide sadu, kaks p\u00f6\u00f6rast tagasitulekut ja Juventuse valus l\u00f5pp<\/a>&nbsp;&nbsp;Postimees Sport<\/li>\n<li><a href=\"https:\/\/news.google.com\/rss\/articles\/CBMizwFBVV95cUxNemxCbmg0cXh5ZmprZHRiR3VQSkRyWUVKRkVkakYtSThvSjFVMVJwZDFiY3ladExWdjJYWEtnUTFLT0RTOGN6RWpkcEdjTk9vNlhNajh3bWdVU1YxakZ6b0NwLVRpbHdFYTZsUGpEdGl0a2pNRzVBTVZjR2RSdF8xVWFyM2Y3OXZuYXA3NGpRX0pMOTBpQ0E0amduUHNqT2Rydk10RGRLZGJEcWNzczZjeHU1SmkwTVlIUzBYN2YyU1E3WXpVWnBabVQ4U0EzVmM?oc=5\" target=\"_blank\" rel=\"nofollow noopener\">Meistrite liiga | Atalanta kukutas Borussia. Real, PSG ja Galatasaray p\u00e4\u00e4sesid samuti kaheksandikfinaali<\/a>&nbsp;&nbsp;Delfi Sport<\/li>\n<li><a href=\"https:\/\/news.google.com\/rss\/articles\/CBMimwFBVV95cUxPdlZJakdaVkltSVlJWkFGYkZTcnc3Y0xGUnVad2l3SmF4a3NBUVhuTHd5aEVJenVaMmhqTnRubWlQbVRoUjhXd1NlM2l6dkszNHVkb09LZGVoV3NnMWhWUFAxTjBuWVF2VHlpSlhnMU5Zdnpta0hTcFJjc2NHSjBWZnhIbTRuRER1V2duVnFKWDhlVW0zV1Zwc3M2UQ?oc=5\" target=\"_blank\" rel=\"nofollow noopener\">Kolmaski Itaalia suurklubi langes meistrite liigast v\u00e4lja<\/a>&nbsp;&nbsp;\u00d5htuleht<\/li>\n<li><a href=\"https:\/\/news.google.com\/rss\/articles\/CBMi5AFBVV95cUxPdFIzWjB4RTRhSXNJR2Y4bUZqc0s5aXgyZEwxbk5kMHk2TFZUdjJMWUp0bXdTc0c0OVdHSU9kb2l2bjI1aG52NnliT1ZKSEVQekotU1hiTktWRUJtM0NzQzBsbVNsTUFYanB3eFNtaEtUN3dRR1JreU1NOEd3QlhYVE55eW84M29kWWlOWEtkVkFfZV82NkN0LWszS0dQYVlRWWppeVV6TXNBcEhMV0Nnd0lETkR1RFFQaWhlZXRFLVQyeUNaYjFveVlzX190ckQyWklvckxzU2pZMjMyX3RtT3hsT00?oc=5\" target=\"_blank\" rel=\"nofollow noopener\">Meistrite liiga kompass | Itaalia klubidest j\u00e4i alles vaid \u00fcks! Vana Daam nullis suure miinuse, kuid siis torkas T\u00fcrgi Zorro<\/a>&nbsp;&nbsp;Soccernet.ee<\/li>\n<li><a href=\"https:\/\/news.google.com\/rss\/articles\/CBMitwFBVV95cUxOZ1RpN0xrc2drWFBPY2VGcEV2UU9VZ09NWnpsMW5feUItNXlES040aTdGTTZLZUI3VmsxaWlNZnBEMW1LdFN6NjN5dVZHTXBoODBUSWVzQjlyZEdUcmxwQUwxNTZiekVIbDRtVlpPYVdTNW5DMTdvaktnZEhWNk1YTzJ3WGkzNVlxUUIwNlQtU2txX05CNlBPTEZjRXlIblF4eTUzdjZsWkp6bnpXMF9VTUoxVWtkY2c?oc=5\" target=\"_blank\" rel=\"nofollow noopener\">Raskest seisust edasi p\u00e4\u00e4senud Atalanta loots: see oli minu treenerikarj\u00e4\u00e4ri parim m\u00e4ng<\/a>&nbsp;&nbsp;Soccernet.ee<\/li>\n<\/ol>\n","protected":false},"excerpt":{"rendered":"MEISTRITE LIIGA \u27e9 Punaste kaartide sadu, kaks p\u00f6\u00f6rast tagasitulekut ja Juventuse valus l\u00f5pp&nbsp;&nbsp;Postimees Sport Meistrite liiga | Atalanta&hellip;\n","protected":false},"author":2,"featured_media":116511,"comment_status":"","ping_status":"","sticky":false,"template":"","format":"standard","meta":{"footnotes":"","_share_on_mastodon":"0"},"categories":[18],"tags":[1816,6429,1705,37,33,35,34,36,1149,3196,1190,9988,2528,159,158],"class_list":["post-116510","post","type-post","status-publish","format-standard","has-post-thumbnail","category-sport","tag-atalanta","tag-benfica","tag-dortmundi-borussia","tag-ee","tag-eesti","tag-eesti-keel","tag-estonia","tag-estonian","tag-juventus","tag-madridi-real","tag-meistrite-liiga","tag-monaco","tag-psg","tag-sport","tag-sports"],"share_on_mastodon":{"url":"https:\/\/pubeurope.com\/@ee\/116137526286866693","error":""},"_links":{"self":[{"href":"https:\/\/www.europesays.com\/ee\/wp-json\/wp\/v2\/posts\/116510","targetHints":{"allow":["GET"]}}],"collection":[{"href":"https:\/\/www.europesays.com\/ee\/wp-json\/wp\/v2\/posts"}],"about":[{"href":"https:\/\/www.europesays.com\/ee\/wp-json\/wp\/v2\/types\/post"}],"author":[{"embeddable":true,"href":"https:\/\/www.europesays.com\/ee\/wp-json\/wp\/v2\/users\/2"}],"replies":[{"embeddable":true,"href":"https:\/\/www.europesays.com\/ee\/wp-json\/wp\/v2\/comments?post=116510"}],"version-history":[{"count":0,"href":"https:\/\/www.europesays.com\/ee\/wp-json\/wp\/v2\/posts\/116510\/revisions"}],"wp:featuredmedia":[{"embeddable":true,"href":"https:\/\/www.europesays.com\/ee\/wp-json\/wp\/v2\/media\/116511"}],"wp:attachment":[{"href":"https:\/\/www.europesays.com\/ee\/wp-json\/wp\/v2\/media?parent=116510"}],"wp:term":[{"taxonomy":"category","embeddable":true,"href":"https:\/\/www.europesays.com\/ee\/wp-json\/wp\/v2\/categories?post=116510"},{"taxonomy":"post_tag","embeddable":true,"href":"https:\/\/www.europesays.com\/ee\/wp-json\/wp\/v2\/tags?post=116510"}],"curies":[{"name":"wp","href":"https:\/\/api.w.org\/{rel}","templated":true}]}}