{"id":116564,"date":"2026-02-26T16:17:07","date_gmt":"2026-02-26T16:17:07","guid":{"rendered":"https:\/\/www.europesays.com\/ee\/116564\/"},"modified":"2026-02-26T16:17:07","modified_gmt":"2026-02-26T16:17:07","slug":"itaalias-toimub-suur-streik-tuhistatakse-sadu-lende-ja-rongireise","status":"publish","type":"post","link":"https:\/\/www.europesays.com\/ee\/116564\/","title":{"rendered":"Itaalias toimub suur streik: t\u00fchistatakse sadu lende ja rongireise"},"content":{"rendered":"<p>26. veebruaril toimub lennundus- ja lennujaamat\u00f6\u00f6tajate \u00f6\u00f6p\u00e4evaringne <a rel=\"noopener nofollow\" target=\"_blank\" href=\"https:\/\/www.delfi.ee\/teema\/26936555\/streik\" tag-id=\"26936555\">streik<\/a>. Itaalia lennufirma Ita Airways on teatanud 170 lennu t\u00fchistamisest, mis moodustab ligi 55% nende igap\u00e4evastest reisidest. \u00c4ra j\u00e4\u00e4vad ka k\u00fcmned EasyJeti lennud. Itaalia tsiviillennundusameti (Enac) reeglite kohaselt on lennuliiklus kaitstud ja peab toimima ajavahemikes kell 7\u201310 ja 18\u201321.<\/p>\n<p>Reede \u00f5htul kell 21 laieneb streik raudteele ja kestab laup\u00e4eva \u00f5htul kella 20.59-ni. Streik m\u00f5jutab tugevalt suurte vedajate, nagu FS Italiane, Italo ja Trenordi rongide liiklust. Regionaalrongide puhul on t\u00f6\u00f6p\u00e4eviti tagatud minimaalne teenindus hommikuti kell 6\u20139 ja \u00f5htuti kell 18\u201321. Rongid, mis on streigi algushetkel juba teel, viiakse sihtpunkti juhul, kui sinna on j\u00e4\u00e4nud maksimaalselt \u00fcks tund s\u00f5ita \u2013 vastasel juhul v\u00f5ivad rongid peatuda varasemates jaamades.<\/p>\n<p>Reisijatel, kelle Ita Airwaysi lend on t\u00fchistatud v\u00f5i hilineb \u00fcle tunni aja, on \u00f5igus piletit trahvita muuta v\u00f5i taotleda raha tagastamist kuni 8. m\u00e4rtsini 2026. Sarnased v\u00f5imalused kehtivad ka rongireisijatele ning kiirrongide piletiraha saab tagasi k\u00fcsida kuni plaanilise v\u00e4ljumisajani, regionaalrongide puhul aga streigile eelneva p\u00e4eva s\u00fcda\u00f6\u00f6ni.<\/p>\n<p>T\u00f6\u00f6seisakute p\u00f5hjuseks on ummikusse jooksnud l\u00e4bir\u00e4\u00e4kimised kollektiivlepingute uuendamiseks. Ameti\u00fchingute teatel aegus Ita Airwaysi t\u00f6\u00f6tajate leping juba 2024. aasta detsembris ning praegune lepinguline raamistik on ettev\u00f5tte s\u00f5nul ebasobiv nii palga kui ka t\u00f6\u00f6kaitse osas.<\/p>\n<p>Teravalt juhitakse t\u00e4helepanu ka EasyJeti lennumeeskondadele, kelle lepingud aegusid eelmise aasta septembris. \u201eNad kannatavad j\u00e4tkuvalt arvukate operatiivsete ja organisatsiooniliste kitsaskohtade all, mis on p\u00f5hjustatud puudulikust planeerimisest,\u201c seisab t\u00f6\u00f6tajate esindajate \u00fchisavalduses. Ameti\u00fchingud r\u00f5hutavad, et ootavad lennufirmadelt selgeid lahendusi ja konkreetseid t\u00e4htaegu, vastasel juhul ollakse valmis protestiaktsioone j\u00e4tkama.<\/p>\n<p>Kuidas see lugu Sind end tundma pani? Saada <a href=\"https:\/\/reisijuht.delfi.ee\/artikkel\/120438841\/itaalias-toimub-suur-streik-tuhistatakse-sadu-lende-ja-rongireise\/kommentaarid\" class=\"article-body-bottom__comment article-body-bottom__comment--write button button--primary button--size-auto\" rel=\"nofollow noopener\" target=\"_blank\"> Kommenteeri <\/a><a href=\"https:\/\/reisijuht.delfi.ee\/artikkel\/120438841\/itaalias-toimub-suur-streik-tuhistatakse-sadu-lende-ja-rongireise\/kommentaarid\" class=\"article-body-bottom__comment article-body-bottom__comment--read button button--size-auto\" rel=\"nofollow noopener\" target=\"_blank\"> Loe kommentaare <\/a><\/p>\n","protected":false},"excerpt":{"rendered":"26. veebruaril toimub lennundus- ja lennujaamat\u00f6\u00f6tajate \u00f6\u00f6p\u00e4evaringne streik. Itaalia lennufirma Ita Airways on teatanud 170 lennu t\u00fchistamisest, mis&hellip;\n","protected":false},"author":2,"featured_media":116565,"comment_status":"","ping_status":"","sticky":false,"template":"","format":"standard","meta":{"footnotes":"","_share_on_mastodon":"0"},"categories":[80],"tags":[1765,26,27,37,33,35,34,36,31,32,21,109,28,29,95,19,25,1262,23,24,22,20,30,92,93,94],"class_list":["post-116564","post","type-post","status-publish","format-standard","has-post-thumbnail","category-maailm","tag-airbaltic","tag-breaking-news","tag-breakingnews","tag-ee","tag-eesti","tag-eesti-keel","tag-estonia","tag-estonian","tag-featured-news","tag-featurednews","tag-headlines","tag-itaalia","tag-latest-news","tag-latestnews","tag-maailm","tag-news","tag-populaarseimad-lood","tag-streik","tag-top-stories","tag-topstories","tag-uldised-uudised","tag-uudised","tag-viimased-uudised","tag-world","tag-world-news","tag-worldnews"],"share_on_mastodon":{"url":"https:\/\/pubeurope.com\/@ee\/116137836156062873","error":""},"_links":{"self":[{"href":"https:\/\/www.europesays.com\/ee\/wp-json\/wp\/v2\/posts\/116564","targetHints":{"allow":["GET"]}}],"collection":[{"href":"https:\/\/www.europesays.com\/ee\/wp-json\/wp\/v2\/posts"}],"about":[{"href":"https:\/\/www.europesays.com\/ee\/wp-json\/wp\/v2\/types\/post"}],"author":[{"embeddable":true,"href":"https:\/\/www.europesays.com\/ee\/wp-json\/wp\/v2\/users\/2"}],"replies":[{"embeddable":true,"href":"https:\/\/www.europesays.com\/ee\/wp-json\/wp\/v2\/comments?post=116564"}],"version-history":[{"count":0,"href":"https:\/\/www.europesays.com\/ee\/wp-json\/wp\/v2\/posts\/116564\/revisions"}],"wp:featuredmedia":[{"embeddable":true,"href":"https:\/\/www.europesays.com\/ee\/wp-json\/wp\/v2\/media\/116565"}],"wp:attachment":[{"href":"https:\/\/www.europesays.com\/ee\/wp-json\/wp\/v2\/media?parent=116564"}],"wp:term":[{"taxonomy":"category","embeddable":true,"href":"https:\/\/www.europesays.com\/ee\/wp-json\/wp\/v2\/categories?post=116564"},{"taxonomy":"post_tag","embeddable":true,"href":"https:\/\/www.europesays.com\/ee\/wp-json\/wp\/v2\/tags?post=116564"}],"curies":[{"name":"wp","href":"https:\/\/api.w.org\/{rel}","templated":true}]}}