{"id":116621,"date":"2026-02-26T17:22:06","date_gmt":"2026-02-26T17:22:06","guid":{"rendered":"https:\/\/www.europesays.com\/ee\/116621\/"},"modified":"2026-02-26T17:22:06","modified_gmt":"2026-02-26T17:22:06","slug":"endine-riigikohtunik-urmas-volens-suri-49-aastaselt","status":"publish","type":"post","link":"https:\/\/www.europesays.com\/ee\/116621\/","title":{"rendered":"Endine riigikohtunik Urmas Volens suri 49-aastaselt"},"content":{"rendered":"<p>Volens r\u00e4\u00e4kis toona Ekspressile, et soovib naasta pere juurde Tallinna. Avameelselt lahkas ta ka \u00f5igusem\u00f5istmise probleeme. <\/p>\n<p><a href=\"https:\/\/sport.delfi.ee\/artikkel\/120423763\/tendents-on-hirmutav-ametist-taandunud-riigikohtunik-raagib-olukorrast-kohtususteemis#dalrel-in-article\" class=\"content-embedded-articles-single__embedded-article\" data-v-469265ed=\"\" rel=\"nofollow noopener\" target=\"_blank\"><\/p>\n<p> 20.12.2025 <\/p>\n<p> \u201eTendents on hirmutav\u201c: Ametist taandunud riigikohtunik r\u00e4\u00e4gib olukorrast kohtus\u00fcsteemis  (156) <\/p>\n<p><\/a><\/p>\n<p>P\u00e4rast riigikohtust lahkumist alustas Volens uute t\u00f6iste plaanide elluviimist. Ta p\u00fchendus nii tulevaste juristide koolitamisele kui ka praktilisele \u00f5igusn\u00f5ustamisele.<\/p>\n<p>Volens t\u00f6\u00f6tas Tallinna \u00fclikooli \u00fchiskonnateaduste instituudis k\u00fclalisprofessorina. Ta unistas luua seal k\u00f5ige parema \u00f5igusteaduse alase \u00f5ppekeskuse Eestis. <\/p>\n<p>Lisaks akadeemilisele t\u00f6\u00f6le naases Volens Tallinna advokaadib\u00fcroosse Nove, mille ta kunagi ise kaasasutas. <\/p>\n<p>Esialgu hakkas ta seal tegutsema n\u00f5unikuna. \u201eAdvokaatide v\u00e4ike abiline,\u201c \u00fctles ta ise oma rolli kohta muigega. <\/p>\n<p>Kuna Volens oli riigikohtunikuks minnes advokatuurist v\u00e4lja astunud, siis pidi ta sinna uuesti sisse astuma. <\/p>\n<p>Reeglite kohaselt tuli tal l\u00e4bida kutsesobivusvestlus, mille ta edukalt sooritas. <\/p>\n<p>J\u00e4rgmisel teisip\u00e4eval pidi advokatuuri juhatus andma Volensile uuesti vandeadvokaadi nimetuse. <\/p>\n<p>Kuidas see lugu Sind end tundma pani? Saada <\/p>\n","protected":false},"excerpt":{"rendered":"Volens r\u00e4\u00e4kis toona Ekspressile, et soovib naasta pere juurde Tallinna. Avameelselt lahkas ta ka \u00f5igusem\u00f5istmise probleeme. 20.12.2025 \u201eTendents&hellip;\n","protected":false},"author":2,"featured_media":116622,"comment_status":"","ping_status":"","sticky":false,"template":"","format":"standard","meta":{"footnotes":"","_share_on_mastodon":"0"},"categories":[14],"tags":[5554,131,130,37,33,5551,35,5552,34,36,5555,5557,5553,5556],"class_list":["post-116621","post","type-post","status-publish","format-standard","has-post-thumbnail","category-ari","tag-areen","tag-ari","tag-business","tag-ee","tag-eesti","tag-eesti-ekspress","tag-eesti-keel","tag-ekspress","tag-estonia","tag-estonian","tag-flash","tag-onne-valem","tag-persoon","tag-sahinad"],"share_on_mastodon":{"url":"https:\/\/pubeurope.com\/@ee\/116138091775385950","error":""},"_links":{"self":[{"href":"https:\/\/www.europesays.com\/ee\/wp-json\/wp\/v2\/posts\/116621","targetHints":{"allow":["GET"]}}],"collection":[{"href":"https:\/\/www.europesays.com\/ee\/wp-json\/wp\/v2\/posts"}],"about":[{"href":"https:\/\/www.europesays.com\/ee\/wp-json\/wp\/v2\/types\/post"}],"author":[{"embeddable":true,"href":"https:\/\/www.europesays.com\/ee\/wp-json\/wp\/v2\/users\/2"}],"replies":[{"embeddable":true,"href":"https:\/\/www.europesays.com\/ee\/wp-json\/wp\/v2\/comments?post=116621"}],"version-history":[{"count":0,"href":"https:\/\/www.europesays.com\/ee\/wp-json\/wp\/v2\/posts\/116621\/revisions"}],"wp:featuredmedia":[{"embeddable":true,"href":"https:\/\/www.europesays.com\/ee\/wp-json\/wp\/v2\/media\/116622"}],"wp:attachment":[{"href":"https:\/\/www.europesays.com\/ee\/wp-json\/wp\/v2\/media?parent=116621"}],"wp:term":[{"taxonomy":"category","embeddable":true,"href":"https:\/\/www.europesays.com\/ee\/wp-json\/wp\/v2\/categories?post=116621"},{"taxonomy":"post_tag","embeddable":true,"href":"https:\/\/www.europesays.com\/ee\/wp-json\/wp\/v2\/tags?post=116621"}],"curies":[{"name":"wp","href":"https:\/\/api.w.org\/{rel}","templated":true}]}}