{"id":116688,"date":"2026-02-26T19:20:08","date_gmt":"2026-02-26T19:20:08","guid":{"rendered":"https:\/\/www.europesays.com\/ee\/116688\/"},"modified":"2026-02-26T19:20:08","modified_gmt":"2026-02-26T19:20:08","slug":"pill-kui-esimese-filmi-aia-taha-lased-on-jargmist-voimalust-raskem-saada-film","status":"publish","type":"post","link":"https:\/\/www.europesays.com\/ee\/116688\/","title":{"rendered":"Pill: kui esimese filmi aia taha lased, on j\u00e4rgmist v\u00f5imalust raskem saada | Film"},"content":{"rendered":"<p>Kultuurkapitali audiovisuaalse kunsti valdkonnas filmi eest &#8220;Fr\u00e4nk&#8221; peapreemia p\u00e4lvinud re\u017eiss\u00f6\u00f6r T\u00f5nis Pill t\u00f5des, et esikfilmi tegemisega k\u00e4is kaasas filmikoolist k\u00fclge poogitud hirm, et kui see aia taha l\u00e4heb, on j\u00e4rgmist v\u00f5imalust palju raskem saada.<\/p>\n<p>T\u00f5nis Pilli deb\u00fc\u00fctfilmi &#8220;Fr\u00e4nk&#8221; on kinos vaadatud rohkem kui 112 000 korda. Eriti palju meelitas film kinosaali noori vaatajaid. Arvustustes juba kultusfilmiks nimetatud teos ringleb t\u00e4na edukalt ka v\u00e4ljaspool Eestit.<\/p>\n<p>Filmi produtsent Ivo Felt nentis saates &#8220;Kultuurkapitali aastapreemiad&#8221;, et seda, et noored vaatajad &#8220;Fr\u00e4ngi&#8221; nii h\u00e4sti \u00fcles leiavad ning see hakkab sotsiaalmeedias laineid l\u00f6\u00f6ma, ei osatud ette n\u00e4ha.<\/p>\n<p>&#8220;Me tegime enda poolt, nagu oskasime. V\u00f5ib-olla olime tiba s\u00fcsteemsemad, v\u00f5ib-olla me k\u00f5ikide filmidega nii s\u00fcsteemsed ei ole. Me sihtisime v\u00e4ga t\u00e4pselt, kuhu me reklaame suuname, v\u00f5ib-olla t\u00e4psemini kui kunagi varem,&#8221; avas ta.<\/p>\n<p>Re\u017eiss\u00f6\u00f6r T\u00f5nis Pill r\u00e4\u00e4kis, et lugu arendati pikki aastaid. &#8220;Selle k\u00e4igus oli palju hetki, kus kirjutad selle loo, p\u00fchendad p\u00e4ris pika aja, \u00fcle aasta \u00fchte versiooni, ja siis saad selle protsessi k\u00e4igus aru, et see ei olnud k\u00f5ige parem variant sellest loost, tasub minna algosadesse tagasi ja m\u00f5elda, mis on neist k\u00f5ige olulisem element ja siis tegeleda sellega.&#8221;<\/p>\n<p>Ivo Felt t\u00e4psustas, et loo kirjutamine v\u00f5ttis umbes viis aastat. &#8220;Me l\u00e4ksime edasi ja tagasi ja oli v\u00e4ga palju erinevaid versioone, Paul oli mingis versioonis 28-aastane noormees n\u00e4iteks. See stsenaarium sai nii tugevalt l\u00e4bi t\u00f6\u00f6tatud, et sellest sai l\u00f5puks selline materjal, mille peale oli v\u00f5imalik ehitada arvatavasti tugev film. Me muidugi p\u00fc\u00fcame seda iga kord, alati ei \u00f5nnestu ja vahel laseme teemal mingi pimedusega \u00e4ra l\u00fc\u00fca \u2013 arvame, et oleme valmis. Seekord ei lasknud.&#8221;<\/p>\n<p>Pill tunnistas, et deb\u00fc\u00fctfilmi tegemisega k\u00e4is kaasas filmikoolist k\u00fclge poogitud hirm, et kui esikfilm aia taha l\u00e4heb, on j\u00e4rgmist v\u00f5imalust palju raskem saada.<\/p>\n<p>Selles osas leian, et meie filmi edu on v\u00e4hemalt minisuguse pinge minult maha v\u00f5tnud, et teha j\u00e4rgmist filmi. Meil \u00fcks asi siin vaikselt susiseb,&#8221; t\u00f5stis ta tulevikult saladusteloori.<\/p>\n","protected":false},"excerpt":{"rendered":"Kultuurkapitali audiovisuaalse kunsti valdkonnas filmi eest &#8220;Fr\u00e4nk&#8221; peapreemia p\u00e4lvinud re\u017eiss\u00f6\u00f6r T\u00f5nis Pill t\u00f5des, et esikfilmi tegemisega k\u00e4is kaasas&hellip;\n","protected":false},"author":2,"featured_media":116689,"comment_status":"","ping_status":"","sticky":false,"template":"","format":"standard","meta":{"footnotes":"","_share_on_mastodon":"0"},"categories":[82],"tags":[37,33,35,173,34,36,208,209,8467,7483,140,207,8466],"class_list":["post-116688","post","type-post","status-publish","format-standard","has-post-thumbnail","category-filmid","tag-ee","tag-eesti","tag-eesti-keel","tag-entertainment","tag-estonia","tag-estonian","tag-film","tag-filmid","tag-frank","tag-ivo-felt","tag-meelelahutus","tag-movies","tag-tonis-pill"],"share_on_mastodon":{"url":"https:\/\/pubeurope.com\/@ee\/116138555733261139","error":""},"_links":{"self":[{"href":"https:\/\/www.europesays.com\/ee\/wp-json\/wp\/v2\/posts\/116688","targetHints":{"allow":["GET"]}}],"collection":[{"href":"https:\/\/www.europesays.com\/ee\/wp-json\/wp\/v2\/posts"}],"about":[{"href":"https:\/\/www.europesays.com\/ee\/wp-json\/wp\/v2\/types\/post"}],"author":[{"embeddable":true,"href":"https:\/\/www.europesays.com\/ee\/wp-json\/wp\/v2\/users\/2"}],"replies":[{"embeddable":true,"href":"https:\/\/www.europesays.com\/ee\/wp-json\/wp\/v2\/comments?post=116688"}],"version-history":[{"count":0,"href":"https:\/\/www.europesays.com\/ee\/wp-json\/wp\/v2\/posts\/116688\/revisions"}],"wp:featuredmedia":[{"embeddable":true,"href":"https:\/\/www.europesays.com\/ee\/wp-json\/wp\/v2\/media\/116689"}],"wp:attachment":[{"href":"https:\/\/www.europesays.com\/ee\/wp-json\/wp\/v2\/media?parent=116688"}],"wp:term":[{"taxonomy":"category","embeddable":true,"href":"https:\/\/www.europesays.com\/ee\/wp-json\/wp\/v2\/categories?post=116688"},{"taxonomy":"post_tag","embeddable":true,"href":"https:\/\/www.europesays.com\/ee\/wp-json\/wp\/v2\/tags?post=116688"}],"curies":[{"name":"wp","href":"https:\/\/api.w.org\/{rel}","templated":true}]}}