{"id":116703,"date":"2026-02-26T19:55:15","date_gmt":"2026-02-26T19:55:15","guid":{"rendered":"https:\/\/www.europesays.com\/ee\/116703\/"},"modified":"2026-02-26T19:55:15","modified_gmt":"2026-02-26T19:55:15","slug":"oma-kodukohta-esindavad-talimangudel-ka-olumpiasportlased","status":"publish","type":"post","link":"https:\/\/www.europesays.com\/ee\/116703\/","title":{"rendered":"Oma kodukohta esindavad talim\u00e4ngudel ka ol\u00fcmpiasportlased"},"content":{"rendered":"<p>Coop Eesti omavalitsuste talim\u00e4ngude peakoordinaator ja Eestimaa Spordiliidu J\u00f5ud peasekret\u00e4r Tarmo Volts\u00f5nas, et talim\u00e4ngud on pika traditsiooniga v\u00f5istlusformaat, kus harrastajad ja tippsportlased seisavad stardis \u00fchel joonel ning esindavad oma kodukohta. \u201eK\u00f5ige t\u00e4htsam ei ole \u00fche sportlase individuaalne tulemus, vaid kogu v\u00f5istkonna panus. Just see koos liikumise r\u00f5\u00f5muga teeb talim\u00e4ngudest p\u00e4riselt kogukondliku s\u00fcndmuse, mis \u00fchendab eri p\u00f5lvkondi,\u201c \u00fctles ta ning lisas, et t\u00e4navuste talim\u00e4ngudega t\u00e4histatakse spordiliidu J\u00f5ud 80. aastap\u00e4eva.<\/p>\n","protected":false},"excerpt":{"rendered":"Coop Eesti omavalitsuste talim\u00e4ngude peakoordinaator ja Eestimaa Spordiliidu J\u00f5ud peasekret\u00e4r Tarmo Volts\u00f5nas, et talim\u00e4ngud on pika traditsiooniga v\u00f5istlusformaat,&hellip;\n","protected":false},"author":2,"featured_media":116704,"comment_status":"","ping_status":"","sticky":false,"template":"","format":"standard","meta":{"footnotes":"","_share_on_mastodon":"0"},"categories":[18],"tags":[37,33,35,54657,34,36,54659,54658,159,158,46821],"class_list":["post-116703","post","type-post","status-publish","format-standard","has-post-thumbnail","category-sport","tag-ee","tag-eesti","tag-eesti-keel","tag-eestimaa-talimangud","tag-estonia","tag-estonian","tag-jarva-talimangud","tag-omavalitsuste-talimangud","tag-sport","tag-sports","tag-talimangud"],"share_on_mastodon":{"url":"https:\/\/pubeurope.com\/@ee\/116138693249053993","error":""},"_links":{"self":[{"href":"https:\/\/www.europesays.com\/ee\/wp-json\/wp\/v2\/posts\/116703","targetHints":{"allow":["GET"]}}],"collection":[{"href":"https:\/\/www.europesays.com\/ee\/wp-json\/wp\/v2\/posts"}],"about":[{"href":"https:\/\/www.europesays.com\/ee\/wp-json\/wp\/v2\/types\/post"}],"author":[{"embeddable":true,"href":"https:\/\/www.europesays.com\/ee\/wp-json\/wp\/v2\/users\/2"}],"replies":[{"embeddable":true,"href":"https:\/\/www.europesays.com\/ee\/wp-json\/wp\/v2\/comments?post=116703"}],"version-history":[{"count":0,"href":"https:\/\/www.europesays.com\/ee\/wp-json\/wp\/v2\/posts\/116703\/revisions"}],"wp:featuredmedia":[{"embeddable":true,"href":"https:\/\/www.europesays.com\/ee\/wp-json\/wp\/v2\/media\/116704"}],"wp:attachment":[{"href":"https:\/\/www.europesays.com\/ee\/wp-json\/wp\/v2\/media?parent=116703"}],"wp:term":[{"taxonomy":"category","embeddable":true,"href":"https:\/\/www.europesays.com\/ee\/wp-json\/wp\/v2\/categories?post=116703"},{"taxonomy":"post_tag","embeddable":true,"href":"https:\/\/www.europesays.com\/ee\/wp-json\/wp\/v2\/tags?post=116703"}],"curies":[{"name":"wp","href":"https:\/\/api.w.org\/{rel}","templated":true}]}}