{"id":116707,"date":"2026-02-26T20:06:07","date_gmt":"2026-02-26T20:06:07","guid":{"rendered":"https:\/\/www.europesays.com\/ee\/116707\/"},"modified":"2026-02-26T20:06:07","modified_gmt":"2026-02-26T20:06:07","slug":"etioopia-tippjooksja-voistluskeeldu-luhendati-kahe-aasta-vorra","status":"publish","type":"post","link":"https:\/\/www.europesays.com\/ee\/116707\/","title":{"rendered":"Etioopia tippjooksja v\u00f5istluskeeldu l\u00fchendati kahe aasta v\u00f5rra"},"content":{"rendered":"<p>Welteji j\u00e4ttis aasta jooksul kolm korda dopinguproovi andmata, kuid mullu m\u00f5isteti ta oma kodumaal \u00f5igeks ja sportlane p\u00e4\u00e4ses v\u00f5istluskeelust. <a rel=\"noopener nofollow\" target=\"_blank\" href=\"https:\/\/www.delfi.ee\/teema\/96851406\/kergejoustik-1\" tag-id=\"96851406\">Kergej\u00f5ustikus<\/a> ausa spordi eest v\u00f5itlev organisatsioon AIU kaebas seej\u00e4rel otsuse CAS-i. <\/p>\n<p>CAS teatas t\u00e4na, et 23-aastane Welteji rikkus dopinguvastaseid reegleid, kuna dopinguametnikud pidid eelmise aasta veebruaris tema kodust lahkuma ilma, et oleks saanud sportlaselt dopinguproovi v\u00f5tta. Samas leiti, et keelebarj\u00e4\u00e4r oli peamiseks p\u00f5hjuseks, miks sportlase abikaasa dopinguametnikud minema saatis. <\/p>\n<p>\u00dchtlasi v\u00f5ttis CAS otsuse langetamisel arvesse, et Weltejid oli varem kaheksa korda v\u00f5istlusv\u00e4liselt testitud ja k\u00f5ik tema proovid olid puhtad. Sellest l\u00e4htuvalt p\u00e4\u00e4ses etiooplanna AIU poolt n\u00f5utud nelja-aastase v\u00f5istluskeelu asemel kaheaastase karistusega. <\/p>\n<p>Tema keeld l\u00f5ppeb 30. juunil 2027, mis t\u00e4hendab, et Weltejil on v\u00f5imalik j\u00e4rgmise aasta kergej\u00f5ustiku maailmameistriv\u00f5istlustel osaleda.<\/p>\n<p>\u00dchtlasi t\u00fchistati koos v\u00f5istluskeeluga Welteji tulemused alates 25. veebruarist 2025, mis t\u00e4hendab, et etiooplanna j\u00e4\u00e4b ilma eelmise aasta sise-MMi 1500 meetri jooksu h\u00f5bemedalist.<\/p>\n<p>Welteji v\u00f5itis 1500 meetris h\u00f5bemedali ka 2023. aasta Budapesti maailmameistriv\u00f5istlustel.  2024. aasta Pariisi ol\u00fcmpial j\u00e4i ta samal distantsil esimesena medalita. <\/p>\n<p>Kuidas see lugu Sind end tundma pani? Saada <a href=\"https:\/\/sport.delfi.ee\/artikkel\/120438986\/etioopia-tippjooksja-voistluskeeldu-luhendati-kahe-aasta-vorra\/kommentaarid\" class=\"article-body-bottom__comment article-body-bottom__comment--write button button--primary button--size-auto\" rel=\"nofollow noopener\" target=\"_blank\"> Kommenteeri <\/a><a href=\"https:\/\/sport.delfi.ee\/artikkel\/120438986\/etioopia-tippjooksja-voistluskeeldu-luhendati-kahe-aasta-vorra\/kommentaarid\" class=\"article-body-bottom__comment article-body-bottom__comment--read button button--size-auto\" rel=\"nofollow noopener\" target=\"_blank\"> Loe kommentaare <\/a><\/p>\n","protected":false},"excerpt":{"rendered":"Welteji j\u00e4ttis aasta jooksul kolm korda dopinguproovi andmata, kuid mullu m\u00f5isteti ta oma kodumaal \u00f5igeks ja sportlane p\u00e4\u00e4ses&hellip;\n","protected":false},"author":2,"featured_media":116708,"comment_status":"","ping_status":"","sticky":false,"template":"","format":"standard","meta":{"footnotes":"","_share_on_mastodon":"0"},"categories":[18],"tags":[17126,37,33,35,34,36,983,159,158],"class_list":["post-116707","post","type-post","status-publish","format-standard","has-post-thumbnail","category-sport","tag-cas","tag-ee","tag-eesti","tag-eesti-keel","tag-estonia","tag-estonian","tag-kergejoustik","tag-sport","tag-sports"],"share_on_mastodon":{"url":"https:\/\/pubeurope.com\/@ee\/116138736519949542","error":""},"_links":{"self":[{"href":"https:\/\/www.europesays.com\/ee\/wp-json\/wp\/v2\/posts\/116707","targetHints":{"allow":["GET"]}}],"collection":[{"href":"https:\/\/www.europesays.com\/ee\/wp-json\/wp\/v2\/posts"}],"about":[{"href":"https:\/\/www.europesays.com\/ee\/wp-json\/wp\/v2\/types\/post"}],"author":[{"embeddable":true,"href":"https:\/\/www.europesays.com\/ee\/wp-json\/wp\/v2\/users\/2"}],"replies":[{"embeddable":true,"href":"https:\/\/www.europesays.com\/ee\/wp-json\/wp\/v2\/comments?post=116707"}],"version-history":[{"count":0,"href":"https:\/\/www.europesays.com\/ee\/wp-json\/wp\/v2\/posts\/116707\/revisions"}],"wp:featuredmedia":[{"embeddable":true,"href":"https:\/\/www.europesays.com\/ee\/wp-json\/wp\/v2\/media\/116708"}],"wp:attachment":[{"href":"https:\/\/www.europesays.com\/ee\/wp-json\/wp\/v2\/media?parent=116707"}],"wp:term":[{"taxonomy":"category","embeddable":true,"href":"https:\/\/www.europesays.com\/ee\/wp-json\/wp\/v2\/categories?post=116707"},{"taxonomy":"post_tag","embeddable":true,"href":"https:\/\/www.europesays.com\/ee\/wp-json\/wp\/v2\/tags?post=116707"}],"curies":[{"name":"wp","href":"https:\/\/api.w.org\/{rel}","templated":true}]}}