{"id":116711,"date":"2026-02-26T20:19:07","date_gmt":"2026-02-26T20:19:07","guid":{"rendered":"https:\/\/www.europesays.com\/ee\/116711\/"},"modified":"2026-02-26T20:19:07","modified_gmt":"2026-02-26T20:19:07","slug":"saksamaa-kohus-sisejulgeolekuteenistus-ei-saa-ametlikult-afd-d-aarmuslikuks-klassifitseerida","status":"publish","type":"post","link":"https:\/\/www.europesays.com\/ee\/116711\/","title":{"rendered":"Saksamaa kohus: sisejulgeolekuteenistus ei saa ametlikult AfD-d \u00e4\u00e4rmuslikuks klassifitseerida"},"content":{"rendered":"<p>BfV kuulutas AfD ametlikult parem\u00e4\u00e4rmuslikuks m\u00f6\u00f6dunud aasta mais. Toona teatas BfV, et kinnitust on leidnud kahtlus, et erakonnal on vaba demokraatliku korra vastased p\u00fc\u00fcdlused. Selline samm annab teenistusele loa erakonda ulatuslikumalt j\u00e4lgida.<\/p>\n<p>Vastuseks esitas AfD selle suhtes kiireloomulise hagi. T\u00e4na avaldatud otsus on esimene esialgne otsus selles kohtuasjas. <\/p>\n<p>Kohtunikud leidsid, et AfD-s oli t\u00f5epoolest tehtud j\u00f5upingutusi Saksamaa vaba demokraatliku korra \u00f5\u00f5nestamiseks, r\u00f5hutades erakonna n\u00f5udmisi keelustada moslemite minaretid ja pear\u00e4tid avalikes asutustes. Kohtu s\u00f5nul ei t\u00e4henda see, et kogu parteid saaks \u00e4\u00e4rmuslikuna iseloomustada.<\/p>\n<p>K\u00f6lni kohtu otsus kehtib kuni l\u00f5pliku otsuse langetamiseni laiemas vaidlustuses erakonna klassifitseerimise suhtes. Kohus ei andnud m\u00e4rku, millal v\u00f5idakse l\u00f5pliku otsuseni j\u00f5uda.<\/p>\n<p>Praktikas on t\u00e4nasel otsusel t\u00f5en\u00e4oliselt minimaalne m\u00f5ju \u2013 luureagentuur oli juba ajutiselt peatanud AfD \u00e4\u00e4rmuslikuks liigitamise, oodates kaebuse tulemusi.<\/p>\n<p>AfD n\u00e4eb otsuses v\u00f5itu<\/p>\n<p>AfD kaasjuht <a rel=\"noopener nofollow\" target=\"_blank\" href=\"https:\/\/www.delfi.ee\/teema\/96866820\/alice-weidel\" tag-id=\"96866820\">Alice Weidel<\/a> nimetas otsust suureks v\u00f5iduks mitte vaid AfD, vaid ka demokraatia ja \u00f5igusriigi p\u00f5him\u00f5tete jaoks. Ta lisas, et otsus katkestas AfD kriitikute plaanid erakond keelustada.<\/p>\n<p>Samuti usub erakonna teine kaasjuht Tino Chrupalla, et menetlused partei keelustada poleks enam eluj\u00f5ulised, \u00f6eldes, et sellised katsed on n\u00fc\u00fcdseks peatatud. <\/p>\n<p>Saksa siseminister Alexander Dobrindt r\u00f5hutas, et kohtunikud leidsid siiski p\u00f5hjust kahtlustada AfD-d demokraatliku korra \u00f5\u00f5nestamises ja p\u00f5hiseadusevastaste eesm\u00e4rkide j\u00e4rgimises. Ta lisas, et parteid j\u00e4lgitakse edasi kui kahtlustatavat \u00e4\u00e4rmusr\u00fchmitust.<\/p>\n<p>Kuidas see lugu Sind end tundma pani? Saada <a href=\"https:\/\/www.delfi.ee\/artikkel\/120439011\/saksamaa-kohus-sisejulgeolekuteenistus-ei-saa-ametlikult-afd-d-aarmuslikuks-klassifitseerida\/kommentaarid\" class=\"article-body-bottom__comment article-body-bottom__comment--write button button--primary button--size-auto\" rel=\"nofollow noopener\" target=\"_blank\"> Kommenteeri <\/a><a href=\"https:\/\/www.delfi.ee\/artikkel\/120439011\/saksamaa-kohus-sisejulgeolekuteenistus-ei-saa-ametlikult-afd-d-aarmuslikuks-klassifitseerida\/kommentaarid\" class=\"article-body-bottom__comment article-body-bottom__comment--read button button--size-auto\" rel=\"nofollow noopener\" target=\"_blank\"> Loe kommentaare (6)<\/a><\/p>\n","protected":false},"excerpt":{"rendered":"BfV kuulutas AfD ametlikult parem\u00e4\u00e4rmuslikuks m\u00f6\u00f6dunud aasta mais. Toona teatas BfV, et kinnitust on leidnud kahtlus, et erakonnal&hellip;\n","protected":false},"author":2,"featured_media":116712,"comment_status":"","ping_status":"","sticky":false,"template":"","format":"standard","meta":{"footnotes":"","_share_on_mastodon":"0"},"categories":[80],"tags":[31220,6287,26,27,37,33,35,34,36,31,32,21,28,29,95,19,25,51,23,24,22,20,30,92,93,94],"class_list":["post-116711","post","type-post","status-publish","format-standard","has-post-thumbnail","category-maailm","tag-alice-weidel","tag-alternatiiv-saksamaale-afd","tag-breaking-news","tag-breakingnews","tag-ee","tag-eesti","tag-eesti-keel","tag-estonia","tag-estonian","tag-featured-news","tag-featurednews","tag-headlines","tag-latest-news","tag-latestnews","tag-maailm","tag-news","tag-populaarseimad-lood","tag-saksamaa","tag-top-stories","tag-topstories","tag-uldised-uudised","tag-uudised","tag-viimased-uudised","tag-world","tag-world-news","tag-worldnews"],"share_on_mastodon":{"url":"https:\/\/pubeurope.com\/@ee\/116138787716573880","error":""},"_links":{"self":[{"href":"https:\/\/www.europesays.com\/ee\/wp-json\/wp\/v2\/posts\/116711","targetHints":{"allow":["GET"]}}],"collection":[{"href":"https:\/\/www.europesays.com\/ee\/wp-json\/wp\/v2\/posts"}],"about":[{"href":"https:\/\/www.europesays.com\/ee\/wp-json\/wp\/v2\/types\/post"}],"author":[{"embeddable":true,"href":"https:\/\/www.europesays.com\/ee\/wp-json\/wp\/v2\/users\/2"}],"replies":[{"embeddable":true,"href":"https:\/\/www.europesays.com\/ee\/wp-json\/wp\/v2\/comments?post=116711"}],"version-history":[{"count":0,"href":"https:\/\/www.europesays.com\/ee\/wp-json\/wp\/v2\/posts\/116711\/revisions"}],"wp:featuredmedia":[{"embeddable":true,"href":"https:\/\/www.europesays.com\/ee\/wp-json\/wp\/v2\/media\/116712"}],"wp:attachment":[{"href":"https:\/\/www.europesays.com\/ee\/wp-json\/wp\/v2\/media?parent=116711"}],"wp:term":[{"taxonomy":"category","embeddable":true,"href":"https:\/\/www.europesays.com\/ee\/wp-json\/wp\/v2\/categories?post=116711"},{"taxonomy":"post_tag","embeddable":true,"href":"https:\/\/www.europesays.com\/ee\/wp-json\/wp\/v2\/tags?post=116711"}],"curies":[{"name":"wp","href":"https:\/\/api.w.org\/{rel}","templated":true}]}}