{"id":116786,"date":"2026-02-26T23:46:36","date_gmt":"2026-02-26T23:46:36","guid":{"rendered":"https:\/\/www.europesays.com\/ee\/116786\/"},"modified":"2026-02-26T23:46:36","modified_gmt":"2026-02-26T23:46:36","slug":"repliik-%e2%9f%a9-vaike-taht-voi-supernoova","status":"publish","type":"post","link":"https:\/\/www.europesays.com\/ee\/116786\/","title":{"rendered":"REPLIIK \u27e9 V\u00e4ike t\u00e4ht v\u00f5i supernoova?"},"content":{"rendered":"<p>V\u00e4rskel, hingestatud ja pingestatud, samas kodusel ja pisukesest v\u00f5\u00f5ritusest kantud Eesti s\u00fcnnip\u00e4evakontserdil s\u00f6\u00f6stis muusikataevasse v\u00e4ike t\u00e4ht. K\u00fcllap hoidsime k\u00f5ik kinni \u00fchtaegu hinge ja naeru, kui kuueaastane Theodor van Dijk esitas koos Eesti rahvusmeeskooriga Genialistide pala \u00ab\u00d5petaja\u00bb.<\/p>\n<p>See oli omal kombel j\u00e4tk president Alar Karise k\u00f5nele.<\/p>\n","protected":false},"excerpt":{"rendered":"V\u00e4rskel, hingestatud ja pingestatud, samas kodusel ja pisukesest v\u00f5\u00f5ritusest kantud Eesti s\u00fcnnip\u00e4evakontserdil s\u00f6\u00f6stis muusikataevasse v\u00e4ike t\u00e4ht. K\u00fcllap hoidsime&hellip;\n","protected":false},"author":2,"featured_media":116787,"comment_status":"","ping_status":"","sticky":false,"template":"","format":"standard","meta":{"footnotes":"","_share_on_mastodon":"0"},"categories":[16],"tags":[71,37,33,35,37002,173,34,36,9419,4959,140,54315,44151,54143],"class_list":["post-116786","post","type-post","status-publish","format-standard","has-post-thumbnail","category-meelelahutus","tag-arvamus","tag-ee","tag-eesti","tag-eesti-keel","tag-eesti-rahvusmeeskoor","tag-entertainment","tag-estonia","tag-estonian","tag-genialistid","tag-kontsert","tag-meelelahutus","tag-theodor-van-dijk","tag-vabariigi-aastapaev","tag-vabariigi-aastapaeva-kontsert"],"share_on_mastodon":{"url":"https:\/\/pubeurope.com\/@ee\/116139601646879839","error":""},"_links":{"self":[{"href":"https:\/\/www.europesays.com\/ee\/wp-json\/wp\/v2\/posts\/116786","targetHints":{"allow":["GET"]}}],"collection":[{"href":"https:\/\/www.europesays.com\/ee\/wp-json\/wp\/v2\/posts"}],"about":[{"href":"https:\/\/www.europesays.com\/ee\/wp-json\/wp\/v2\/types\/post"}],"author":[{"embeddable":true,"href":"https:\/\/www.europesays.com\/ee\/wp-json\/wp\/v2\/users\/2"}],"replies":[{"embeddable":true,"href":"https:\/\/www.europesays.com\/ee\/wp-json\/wp\/v2\/comments?post=116786"}],"version-history":[{"count":0,"href":"https:\/\/www.europesays.com\/ee\/wp-json\/wp\/v2\/posts\/116786\/revisions"}],"wp:featuredmedia":[{"embeddable":true,"href":"https:\/\/www.europesays.com\/ee\/wp-json\/wp\/v2\/media\/116787"}],"wp:attachment":[{"href":"https:\/\/www.europesays.com\/ee\/wp-json\/wp\/v2\/media?parent=116786"}],"wp:term":[{"taxonomy":"category","embeddable":true,"href":"https:\/\/www.europesays.com\/ee\/wp-json\/wp\/v2\/categories?post=116786"},{"taxonomy":"post_tag","embeddable":true,"href":"https:\/\/www.europesays.com\/ee\/wp-json\/wp\/v2\/tags?post=116786"}],"curies":[{"name":"wp","href":"https:\/\/api.w.org\/{rel}","templated":true}]}}