{"id":116857,"date":"2026-02-27T07:10:09","date_gmt":"2026-02-27T07:10:09","guid":{"rendered":"https:\/\/www.europesays.com\/ee\/116857\/"},"modified":"2026-02-27T07:10:09","modified_gmt":"2026-02-27T07:10:09","slug":"euroopa-ainus-ballistiliste-rakettide-tootja-otsib-koostoovoimalusi-seda-varjutab-ebaonnestumiste-rada","status":"publish","type":"post","link":"https:\/\/www.europesays.com\/ee\/116857\/","title":{"rendered":"Euroopa ainus ballistiliste rakettide tootja otsib koost\u00f6\u00f6v\u00f5imalusi \u2013 seda varjutab eba\u00f5nnestumiste rada"},"content":{"rendered":"<p>Kui r\u00e4\u00e4kida ballistilistest rakettidest, algab k\u00f5ik k\u00fctusest \u2013 just see m\u00e4\u00e4rab, kui kaugele ja kui kiiresti relv suudab lennata. Prantsuse ArianeGroup soovib n\u00fc\u00fcd osa sellest tootmisest tuua Saksamaale, pidades silmas kuni 2000 kilomeetri ulatusega MBT-raketti. Euroopa Liidu ainus ballistiliste rakettide tootja ei tee sellist sammu juhuslikult. Ometi pole selge, kas jutt k\u00e4ib moodsast tahkek\u00fctusest v\u00f5i millestki m\u00e4rksa vastuolulisemast. Taustal kummitavad juba niigi venivad \u00fchisprojektid, nagu kuuenda p\u00f5lvkonna h\u00e4vitaja FCAS ja MGCS soomustehnika. Nende kogemus n\u00e4itab, et tehniline ambitsioon ei taga veel sujuvat koost\u00f6\u00f6d. Kas seekord suudetakse v\u00e4ltida samu karisid v\u00f5i lisandub nimekirja j\u00e4rjekordne keeruline ettev\u00f5tmine?<\/p>\n<p class=\"p1\">Prantsuse ettev\u00f5te ArianeGroup teeb ettepaneku alustada Saksamaal k\u00fctuse tootmist 2000 km lennuulatusega MBT-raketi jaoks, kuigi tuleviku \u00f5hus\u00f5idukite FCAS-i ja maapealse tehnika MGCS-i eba\u00f5nnestumised heidavad v\u00e4ljavaadetele varju<\/p>\n","protected":false},"excerpt":{"rendered":"Kui r\u00e4\u00e4kida ballistilistest rakettidest, algab k\u00f5ik k\u00fctusest \u2013 just see m\u00e4\u00e4rab, kui kaugele ja kui kiiresti relv suudab&hellip;\n","protected":false},"author":2,"featured_media":116858,"comment_status":"","ping_status":"","sticky":false,"template":"","format":"standard","meta":{"footnotes":"","_share_on_mastodon":"0"},"categories":[12],"tags":[54697,54695,26,27,37,33,35,34,36,31,32,21,54696,393,28,29,19,25,7549,51,23,24,22,20,30],"class_list":["post-116857","post","type-post","status-publish","format-standard","has-post-thumbnail","category-eesti","tag-2000-km","tag-arianegroup","tag-breaking-news","tag-breakingnews","tag-ee","tag-eesti","tag-eesti-keel","tag-estonia","tag-estonian","tag-featured-news","tag-featurednews","tag-headlines","tag-hytev","tag-kutus","tag-latest-news","tag-latestnews","tag-news","tag-populaarseimad-lood","tag-raketid","tag-saksamaa","tag-top-stories","tag-topstories","tag-uldised-uudised","tag-uudised","tag-viimased-uudised"],"share_on_mastodon":{"url":"https:\/\/pubeurope.com\/@ee\/116141347673135833","error":""},"_links":{"self":[{"href":"https:\/\/www.europesays.com\/ee\/wp-json\/wp\/v2\/posts\/116857","targetHints":{"allow":["GET"]}}],"collection":[{"href":"https:\/\/www.europesays.com\/ee\/wp-json\/wp\/v2\/posts"}],"about":[{"href":"https:\/\/www.europesays.com\/ee\/wp-json\/wp\/v2\/types\/post"}],"author":[{"embeddable":true,"href":"https:\/\/www.europesays.com\/ee\/wp-json\/wp\/v2\/users\/2"}],"replies":[{"embeddable":true,"href":"https:\/\/www.europesays.com\/ee\/wp-json\/wp\/v2\/comments?post=116857"}],"version-history":[{"count":0,"href":"https:\/\/www.europesays.com\/ee\/wp-json\/wp\/v2\/posts\/116857\/revisions"}],"wp:featuredmedia":[{"embeddable":true,"href":"https:\/\/www.europesays.com\/ee\/wp-json\/wp\/v2\/media\/116858"}],"wp:attachment":[{"href":"https:\/\/www.europesays.com\/ee\/wp-json\/wp\/v2\/media?parent=116857"}],"wp:term":[{"taxonomy":"category","embeddable":true,"href":"https:\/\/www.europesays.com\/ee\/wp-json\/wp\/v2\/categories?post=116857"},{"taxonomy":"post_tag","embeddable":true,"href":"https:\/\/www.europesays.com\/ee\/wp-json\/wp\/v2\/tags?post=116857"}],"curies":[{"name":"wp","href":"https:\/\/api.w.org\/{rel}","templated":true}]}}