{"id":116882,"date":"2026-02-27T07:33:17","date_gmt":"2026-02-27T07:33:17","guid":{"rendered":"https:\/\/www.europesays.com\/ee\/116882\/"},"modified":"2026-02-27T07:33:17","modified_gmt":"2026-02-27T07:33:17","slug":"juhtkiri-%e2%9f%a9-kulakutelt-seitse-nahka-paras","status":"publish","type":"post","link":"https:\/\/www.europesays.com\/ee\/116882\/","title":{"rendered":"JUHTKIRI \u27e9 Kulakutelt seitse nahka, paras?"},"content":{"rendered":"<p>M\u00f5\u00f5dukalt meediat ja v\u00f5imu s\u00f5numeid j\u00e4lgiv kodanik kindlasti v\u00f5ttis teadmiseks, et maade uus korraline hindamine ja maamaksu reeglistiku s\u00e4ttimine v\u00f5ivad tema v\u00e4ljaminekuid suurendada, aga refr\u00e4\u00e4nina k\u00f5las, et \u00fchelgi krundil ei saa maamaks 2026. aastal t\u00f5usta v\u00f5rreldes eelmise aastaga rohkem kui 50 protsenti. Kas on siis \u00f5igust imestada Tartu maaomaniku jahmatust, kui mullune maamaks oli 53,58 eurot ja k\u00fc\u00fcndis t\u00e4navu 529 euro ja 60 sendini. Eks tundu ju eba\u00f5iglane ka.<\/p>\n<p>Lugegem ikka v\u00e4ikest kirja. Hinnat\u00f5usu arvestatakse summast, mis on enne igasuguste soodustuste mahaarvamist, mitte sellest summast, mida eelmisel aastal maksti. Pole k\u00fcll saladus, aga pole ka liialt selgitatud. Ja kui muidu oli kodualuse maa maksusoodustus 1500-ruutmeetrise krundi pealt, siis n\u00fc\u00fcd on maksusoodustus 500 eurot. Ja mis aitab siin linnavalitsuse \u00f5igustav vabandus, et tegu on haruldaselt suurte kruntidega ja selline olukord on ebatavaline. On heauskne kodanik ja tema mure. M\u00f5ned ajaloolised krundid ongi suured, see pole teadmata.<\/p>\n<blockquote>\n<p>Kui v\u00f5im s\u00f5na murrab, olgu riigi- v\u00f5i linnav\u00f5im, siis on kodanikul p\u00f5hjust v\u00e4hemasti pettunud olla.<\/p>\n<\/blockquote>\n<p>K\u00f5ik arutelud sellest, et maamaksust v\u00f5iks omavalitsused rohkem eelarvelisa teenida, on \u00f5iged. \u00d5igeks tuleb ju p\u00f5him\u00f5tteliselt lugeda ka seda, et maamaksuga on omavalitsusel v\u00f5imalik esile kutsuda muutusi: ehitada teistsuguse funktsiooniga hooneid, kasutada paremini \u00e4ra kallist maad, tuua j\u00f5ude seisvat maad k\u00e4ibesse.<\/p>\n<p>V\u00f5ibolla pole ka l\u00f5puni vale n\u00f5uanne, et kui ikka \u00fcksi ei jaksa 2000-ruutmeetrist linnakrunti pidada (ja korrastada), k\u00e4itu nagu liiga suure eramuga ehk vaheta v\u00e4iksema vastu. K\u00f5iksugused emotsionaalsed kaalutlused, n\u00e4iteks kallis p\u00e4rand, vanavanaisa ehitas maja ja vanaema istutas viljaaia, on seejuures muidugi ka argument.<\/p>\n<p>Ometigi, kuidagi endisaegne oleks pajatada kulakutest, kellelt tulebki seitse nahka koorida.<\/p>\n<p>Kui v\u00f5im m\u00f5istlikke muudatusi plaanib, v\u00f5iksid need t\u00e4nap\u00e4eva \u00fchiskonnas olla ette teatatud ja m\u00f5istliku sammuga, mitte hinge kinni l\u00f6\u00f6vad.<\/p>\n","protected":false},"excerpt":{"rendered":"M\u00f5\u00f5dukalt meediat ja v\u00f5imu s\u00f5numeid j\u00e4lgiv kodanik kindlasti v\u00f5ttis teadmiseks, et maade uus korraline hindamine ja maamaksu reeglistiku&hellip;\n","protected":false},"author":2,"featured_media":116883,"comment_status":"","ping_status":"","sticky":false,"template":"","format":"standard","meta":{"footnotes":"","_share_on_mastodon":"0"},"categories":[5],"tags":[26,27,37,33,35,34,36,31,32,21,34685,28,29,19210,19,25,23,24,22,20,30],"class_list":["post-116882","post","type-post","status-publish","format-standard","has-post-thumbnail","category-uldised-uudised","tag-breaking-news","tag-breakingnews","tag-ee","tag-eesti","tag-eesti-keel","tag-estonia","tag-estonian","tag-featured-news","tag-featurednews","tag-headlines","tag-kodualune-maa","tag-latest-news","tag-latestnews","tag-maamaks","tag-news","tag-populaarseimad-lood","tag-top-stories","tag-topstories","tag-uldised-uudised","tag-uudised","tag-viimased-uudised"],"share_on_mastodon":{"url":"https:\/\/pubeurope.com\/@ee\/116141437975558478","error":""},"_links":{"self":[{"href":"https:\/\/www.europesays.com\/ee\/wp-json\/wp\/v2\/posts\/116882","targetHints":{"allow":["GET"]}}],"collection":[{"href":"https:\/\/www.europesays.com\/ee\/wp-json\/wp\/v2\/posts"}],"about":[{"href":"https:\/\/www.europesays.com\/ee\/wp-json\/wp\/v2\/types\/post"}],"author":[{"embeddable":true,"href":"https:\/\/www.europesays.com\/ee\/wp-json\/wp\/v2\/users\/2"}],"replies":[{"embeddable":true,"href":"https:\/\/www.europesays.com\/ee\/wp-json\/wp\/v2\/comments?post=116882"}],"version-history":[{"count":0,"href":"https:\/\/www.europesays.com\/ee\/wp-json\/wp\/v2\/posts\/116882\/revisions"}],"wp:featuredmedia":[{"embeddable":true,"href":"https:\/\/www.europesays.com\/ee\/wp-json\/wp\/v2\/media\/116883"}],"wp:attachment":[{"href":"https:\/\/www.europesays.com\/ee\/wp-json\/wp\/v2\/media?parent=116882"}],"wp:term":[{"taxonomy":"category","embeddable":true,"href":"https:\/\/www.europesays.com\/ee\/wp-json\/wp\/v2\/categories?post=116882"},{"taxonomy":"post_tag","embeddable":true,"href":"https:\/\/www.europesays.com\/ee\/wp-json\/wp\/v2\/tags?post=116882"}],"curies":[{"name":"wp","href":"https:\/\/api.w.org\/{rel}","templated":true}]}}