{"id":116953,"date":"2026-02-27T08:50:19","date_gmt":"2026-02-27T08:50:19","guid":{"rendered":"https:\/\/www.europesays.com\/ee\/116953\/"},"modified":"2026-02-27T08:50:19","modified_gmt":"2026-02-27T08:50:19","slug":"galerii-%e2%9f%a9-viltu-vajunud-kortermaja-elanikud-kolisid-uude-koju","status":"publish","type":"post","link":"https:\/\/www.europesays.com\/ee\/116953\/","title":{"rendered":"GALERII \u27e9 Viltu vajunud kortermaja elanikud kolisid uude koju"},"content":{"rendered":"<p>Mapri Ehitus on l\u00f5petanud Tartus Lubja 2a uue kortermaja ehituse ning k\u00f5igi viie korteri omanikud on oma elamise vastu v\u00f5tnud. Viltu vajunud elamu lammutamisele ja uue ehitamisele kulunud miljon eurot k\u00e4is v\u00e4lja Mapri Ehitus.<\/p>\n<p>Emaj\u00f5e \u00e4\u00e4res Lubja t\u00e4naval viltu vajunud maja \u00fcletas esimest korda uudisek\u00fcnnise 2024. aasta s\u00fcgisel, kui sellest kirjutas Tartu Postimees ning seej\u00e4rel huvitusid asjast paljud teisedki meediav\u00e4ljaanded.<\/p>\n","protected":false},"excerpt":{"rendered":"Mapri Ehitus on l\u00f5petanud Tartus Lubja 2a uue kortermaja ehituse ning k\u00f5igi viie korteri omanikud on oma elamise&hellip;\n","protected":false},"author":2,"featured_media":116954,"comment_status":"","ping_status":"","sticky":false,"template":"","format":"standard","meta":{"footnotes":"","_share_on_mastodon":"0"},"categories":[5],"tags":[26,27,37,33,35,1644,54725,34,36,31,32,54726,21,12302,28,29,54721,54722,40491,19,25,23,24,22,11308,20,54727,30,54723,54724],"class_list":["post-116953","post","type-post","status-publish","format-standard","has-post-thumbnail","category-uldised-uudised","tag-breaking-news","tag-breakingnews","tag-ee","tag-eesti","tag-eesti-keel","tag-ehitus","tag-ero-tragel","tag-estonia","tag-estonian","tag-featured-news","tag-featurednews","tag-garantiiremont","tag-headlines","tag-kohtuvaidlus","tag-latest-news","tag-latestnews","tag-lubja-tanav","tag-lubja-tanava-maja","tag-mapri-ehitus-ou","tag-news","tag-populaarseimad-lood","tag-top-stories","tag-topstories","tag-uldised-uudised","tag-ulla-preeden","tag-uudised","tag-vajuv-pinnas","tag-viimased-uudised","tag-viltune-maja","tag-virge-hansen"],"share_on_mastodon":{"url":"https:\/\/pubeurope.com\/@ee\/116141740684037143","error":""},"_links":{"self":[{"href":"https:\/\/www.europesays.com\/ee\/wp-json\/wp\/v2\/posts\/116953","targetHints":{"allow":["GET"]}}],"collection":[{"href":"https:\/\/www.europesays.com\/ee\/wp-json\/wp\/v2\/posts"}],"about":[{"href":"https:\/\/www.europesays.com\/ee\/wp-json\/wp\/v2\/types\/post"}],"author":[{"embeddable":true,"href":"https:\/\/www.europesays.com\/ee\/wp-json\/wp\/v2\/users\/2"}],"replies":[{"embeddable":true,"href":"https:\/\/www.europesays.com\/ee\/wp-json\/wp\/v2\/comments?post=116953"}],"version-history":[{"count":0,"href":"https:\/\/www.europesays.com\/ee\/wp-json\/wp\/v2\/posts\/116953\/revisions"}],"wp:featuredmedia":[{"embeddable":true,"href":"https:\/\/www.europesays.com\/ee\/wp-json\/wp\/v2\/media\/116954"}],"wp:attachment":[{"href":"https:\/\/www.europesays.com\/ee\/wp-json\/wp\/v2\/media?parent=116953"}],"wp:term":[{"taxonomy":"category","embeddable":true,"href":"https:\/\/www.europesays.com\/ee\/wp-json\/wp\/v2\/categories?post=116953"},{"taxonomy":"post_tag","embeddable":true,"href":"https:\/\/www.europesays.com\/ee\/wp-json\/wp\/v2\/tags?post=116953"}],"curies":[{"name":"wp","href":"https:\/\/api.w.org\/{rel}","templated":true}]}}