{"id":116967,"date":"2026-02-27T09:07:07","date_gmt":"2026-02-27T09:07:07","guid":{"rendered":"https:\/\/www.europesays.com\/ee\/116967\/"},"modified":"2026-02-27T09:07:07","modified_gmt":"2026-02-27T09:07:07","slug":"sopruse-kinos-ja-tartu-elektriteatris-malestatakse-martsis-bela-tarri-loomingut-film","status":"publish","type":"post","link":"https:\/\/www.europesays.com\/ee\/116967\/","title":{"rendered":"S\u00f5pruse kinos ja Tartu Elektriteatris m\u00e4lestatakse m\u00e4rtsis Bela Tarri loomingut | Film"},"content":{"rendered":"<p>6. jaanuaril lahkus meie seast Ungari re\u017eiss\u00f6\u00f6r B\u00e9la Tarr, kelle loomingu t\u00e4histamiseks n\u00e4eb m\u00e4rtsis Tallinnas ja Tartus tema kolme filmi \u2013 &#8220;Hukatus&#8221;, &#8220;Saatana tango&#8221; ning &#8220;Torino hobune&#8221;.<\/p>\n<p>1988. aastal esilinastunud &#8220;Hukatus&#8221; oli alguspunktiks \u00fcle kolme aastak\u00fcmne kestnud koost\u00f6\u00f6le kirjanik L\u00e1szl\u00f3 Krasznahorkaiga, kes p\u00e4lvis mullu Nobeli kirjanduspreemia. Krasznahorkai stsenaariumite ning teoste p\u00f5hjal valmisid Tarril veel filmid &#8220;Saatana tango&#8221; (1994), &#8220;Werckmeisteri harmooniad&#8221; (2000), &#8220;Mees Londonist&#8221; (2007) ja &#8220;Torino hobune&#8221; (2011), mis j\u00e4i Tarri viimaseks m\u00e4ngufilmiks.<\/p>\n<p>Elektriteatri programmijuhi Rasmus R\u00e4\u00e4gu s\u00f5nul liikus aja jooksul Tarri looming dokumentalismilaadse sotsiaalse realismi juurest \u00fcha kontseptuaalsema ja vormilt rangema filmikunsti suunas. &#8220;Tarri k\u00e4ekirjaks kujunes haruldaselt pika kestusega staatilised kaadrid, napp dialoog ja inimeseks olemise k\u00f5ige s\u00fcgavamaid kihte k\u00e4sitlev eksistentsiaalne maailmapilt,&#8221; lisas R\u00e4\u00e4k.\u00a0<\/p>\n<p>S\u00f5pruse programmijuht Johannes L\u00f5hmus \u00fctles, et B\u00e9la Tarr on ilmselt \u00fcks l\u00e4bi aegade suurimaid meistreid kirjanduse filmikeelde t\u00f5lgendamisel. &#8220;Selle v\u00e4ite paikapidavus j\u00e4\u00e4gu iga kinok\u00fclastaja otsustada. Igatahes on kindel, et \u00fcks filmikunsti s\u00fcgavuti tunda sooviv kultuurne inimene peaks olema neid filme v\u00e4hemalt korra elus just kinoekraanil n\u00e4inud.&#8221;<\/p>\n<p>&#8220;Hukatus&#8221; linastub S\u00f5pruses 7. m\u00e4rtsil ja Elektriteatris 12. m\u00e4rtsil. \u00dcle seitsme tunni kestev &#8220;Saatana tango&#8221;, mida n\u00e4idatakse autori soove arvestades ilma \u00fchegi pausita, linastub S\u00f5pruses 14. m\u00e4rtsil ja Elektriteatris 22. m\u00e4rtsil. &#8220;Torino hobune&#8221; linastub S\u00f5pruses 21. m\u00e4rtsil ja Elektriteatris 29. m\u00e4rtsil.<\/p>\n","protected":false},"excerpt":{"rendered":"6. jaanuaril lahkus meie seast Ungari re\u017eiss\u00f6\u00f6r B\u00e9la Tarr, kelle loomingu t\u00e4histamiseks n\u00e4eb m\u00e4rtsis Tallinnas ja Tartus tema&hellip;\n","protected":false},"author":2,"featured_media":116968,"comment_status":"","ping_status":"","sticky":false,"template":"","format":"standard","meta":{"footnotes":"","_share_on_mastodon":"0"},"categories":[16],"tags":[37,33,35,4469,173,34,36,208,54730,7650,7646,140,10728,39696,10726,15966,54729],"class_list":["post-116967","post","type-post","status-publish","format-standard","has-post-thumbnail","category-meelelahutus","tag-ee","tag-eesti","tag-eesti-keel","tag-elektriteater","tag-entertainment","tag-estonia","tag-estonian","tag-film","tag-hukatus","tag-johannes-lohmus","tag-kino-soprus","tag-meelelahutus","tag-rasmus-raak","tag-saatana-tango","tag-soprus","tag-tartu-elektriteater","tag-torino-hobune"],"share_on_mastodon":{"url":"https:\/\/pubeurope.com\/@ee\/116141807710598056","error":""},"_links":{"self":[{"href":"https:\/\/www.europesays.com\/ee\/wp-json\/wp\/v2\/posts\/116967","targetHints":{"allow":["GET"]}}],"collection":[{"href":"https:\/\/www.europesays.com\/ee\/wp-json\/wp\/v2\/posts"}],"about":[{"href":"https:\/\/www.europesays.com\/ee\/wp-json\/wp\/v2\/types\/post"}],"author":[{"embeddable":true,"href":"https:\/\/www.europesays.com\/ee\/wp-json\/wp\/v2\/users\/2"}],"replies":[{"embeddable":true,"href":"https:\/\/www.europesays.com\/ee\/wp-json\/wp\/v2\/comments?post=116967"}],"version-history":[{"count":0,"href":"https:\/\/www.europesays.com\/ee\/wp-json\/wp\/v2\/posts\/116967\/revisions"}],"wp:featuredmedia":[{"embeddable":true,"href":"https:\/\/www.europesays.com\/ee\/wp-json\/wp\/v2\/media\/116968"}],"wp:attachment":[{"href":"https:\/\/www.europesays.com\/ee\/wp-json\/wp\/v2\/media?parent=116967"}],"wp:term":[{"taxonomy":"category","embeddable":true,"href":"https:\/\/www.europesays.com\/ee\/wp-json\/wp\/v2\/categories?post=116967"},{"taxonomy":"post_tag","embeddable":true,"href":"https:\/\/www.europesays.com\/ee\/wp-json\/wp\/v2\/tags?post=116967"}],"curies":[{"name":"wp","href":"https:\/\/api.w.org\/{rel}","templated":true}]}}