{"id":117004,"date":"2026-02-27T09:44:06","date_gmt":"2026-02-27T09:44:06","guid":{"rendered":"https:\/\/www.europesays.com\/ee\/117004\/"},"modified":"2026-02-27T09:44:06","modified_gmt":"2026-02-27T09:44:06","slug":"kuuba-kaatriintsidendi-kaigus-hukkus-vahemalt-uks-usa-kodanik","status":"publish","type":"post","link":"https:\/\/www.europesays.com\/ee\/117004\/","title":{"rendered":"Kuuba kaatriintsidendi k\u00e4igus hukkus v\u00e4hemalt \u00fcks USA kodanik"},"content":{"rendered":"<p>Kuuba v\u00f5imud teatasid, et piirivalvev\u00e4elased tapsid Kuuba vetesse sisenenud USA <a rel=\"noopener nofollow\" target=\"_blank\" href=\"https:\/\/www.delfi.ee\/teema\/22975541\/florida\" tag-id=\"22975541\">Florida<\/a> osariigis registreeritud kiirkaatril neli ja v\u00f5tsid vangi kuus meest. Kuuba valitsuse v\u00e4itel avasid kiirkaatril olnud mehed esimesena tule.<\/p>\n<p>Lisaks kahele USA kodanikule v\u00f5isid teised kaatril olnud mehed olla USA seaduslikud alalised elanikud, teatasid USA ametnikud NBC Newsile, aga seda pole veel kinnitatud. \u00dchel isikul oli USA K-1 viisa, mis lubab v\u00e4lismaalastel USA-sse siseneda USA kodanikuga abiellumiseks.<\/p>\n<p>Kuuba president <a rel=\"noopener nofollow\" target=\"_blank\" href=\"https:\/\/www.delfi.ee\/teema\/81814847\/miguel-diaz-canel\" tag-id=\"81814847\">Miguel D\u00edaz-Canel<\/a> \u00fctles eile, et \u201eKuuba kaitseb end otsustavalt ja kindlalt igasuguse terroristide ja palgas\u00f5durite agressiooni eest, mis p\u00fc\u00fcab m\u00f5jutada tema suver\u00e4\u00e4nsust ja riiklikku stabiilsust\u201c.<\/p>\n<p>USA v\u00e4lisminister <a rel=\"noopener nofollow\" target=\"_blank\" href=\"https:\/\/www.delfi.ee\/teema\/72601915\/marco-rubio\" tag-id=\"72601915\">Marco Rubio<\/a> taotles ametlikult ligip\u00e4\u00e4su Kuubal vahistatud meestele, \u00fctlesid USA ametnikud NBC Newsile. Ametnikud lisasid, et m\u00f5nedel kaatril olnutest on kuritegelik minevik.<\/p>\n<p>Perekonnaliikmed, s\u00f5brad ja tuttavad \u00fctlesid NBC Newsile ja selle hispaaniakeelsele telev\u00f5rgule Telemundo, et oli teada, et mehed on Kuuba valitsuse vastased.<\/p>\n<p>USA kongressi allikas \u00fctles NBC Newsile, et miski ei viita sellele, et oleks mingi USA valitsuse seos. \u00dchele kaatril olnule l\u00e4hedased allikad \u00fctlesid, et v\u00e4hemalt osa mehi kuulus Kuuba valitsuse vastasesse paramilitaarsesse organisatsiooni.<\/p>\n<p>Kuuba asev\u00e4lisminister Carlos Fern\u00e1ndez de Coss\u00edo \u00fctles eilsel pressikonverentsil, et Kuuba valitsus on olnud asja uurimiseks kontaktis USA rannikuvalve ja v\u00e4lisministeeriumiga.<\/p>\n<p>Kuuba valitsus teatas, et hukkunud mehed olid Michel Ortega Casanova, Hector Duani Cruz Correa, Pavel Alling Pe\u00f1a ja Ledi\u00e1n Padr\u00f3n Guevara.<\/p>\n<p>Kuidas see lugu Sind end tundma pani? Saada <a href=\"https:\/\/www.delfi.ee\/artikkel\/120439083\/kuuba-kaatriintsidendi-kaigus-hukkus-vahemalt-uks-usa-kodanik\/kommentaarid\" class=\"article-body-bottom__comment article-body-bottom__comment--write button button--primary button--size-auto\" rel=\"nofollow noopener\" target=\"_blank\"> Kommenteeri <\/a><a href=\"https:\/\/www.delfi.ee\/artikkel\/120439083\/kuuba-kaatriintsidendi-kaigus-hukkus-vahemalt-uks-usa-kodanik\/kommentaarid\" class=\"article-body-bottom__comment article-body-bottom__comment--read button button--size-auto\" rel=\"nofollow noopener\" target=\"_blank\"> Loe kommentaare (4)<\/a><\/p>\n","protected":false},"excerpt":{"rendered":"Kuuba v\u00f5imud teatasid, et piirivalvev\u00e4elased tapsid Kuuba vetesse sisenenud USA Florida osariigis registreeritud kiirkaatril neli ja v\u00f5tsid vangi&hellip;\n","protected":false},"author":2,"featured_media":117005,"comment_status":"","ping_status":"","sticky":false,"template":"","format":"standard","meta":{"footnotes":"","_share_on_mastodon":"0"},"categories":[80],"tags":[26,27,37,33,35,34,36,31,32,13212,21,3345,28,29,95,1894,8424,19,25,23,24,22,325,20,30,92,93,94],"class_list":["post-117004","post","type-post","status-publish","format-standard","has-post-thumbnail","category-maailm","tag-breaking-news","tag-breakingnews","tag-ee","tag-eesti","tag-eesti-keel","tag-estonia","tag-estonian","tag-featured-news","tag-featurednews","tag-florida","tag-headlines","tag-kuuba","tag-latest-news","tag-latestnews","tag-maailm","tag-marco-rubio","tag-miguel-diaz-canel","tag-news","tag-populaarseimad-lood","tag-top-stories","tag-topstories","tag-uldised-uudised","tag-usa","tag-uudised","tag-viimased-uudised","tag-world","tag-world-news","tag-worldnews"],"share_on_mastodon":{"url":"https:\/\/pubeurope.com\/@ee\/116141953127769913","error":""},"_links":{"self":[{"href":"https:\/\/www.europesays.com\/ee\/wp-json\/wp\/v2\/posts\/117004","targetHints":{"allow":["GET"]}}],"collection":[{"href":"https:\/\/www.europesays.com\/ee\/wp-json\/wp\/v2\/posts"}],"about":[{"href":"https:\/\/www.europesays.com\/ee\/wp-json\/wp\/v2\/types\/post"}],"author":[{"embeddable":true,"href":"https:\/\/www.europesays.com\/ee\/wp-json\/wp\/v2\/users\/2"}],"replies":[{"embeddable":true,"href":"https:\/\/www.europesays.com\/ee\/wp-json\/wp\/v2\/comments?post=117004"}],"version-history":[{"count":0,"href":"https:\/\/www.europesays.com\/ee\/wp-json\/wp\/v2\/posts\/117004\/revisions"}],"wp:featuredmedia":[{"embeddable":true,"href":"https:\/\/www.europesays.com\/ee\/wp-json\/wp\/v2\/media\/117005"}],"wp:attachment":[{"href":"https:\/\/www.europesays.com\/ee\/wp-json\/wp\/v2\/media?parent=117004"}],"wp:term":[{"taxonomy":"category","embeddable":true,"href":"https:\/\/www.europesays.com\/ee\/wp-json\/wp\/v2\/categories?post=117004"},{"taxonomy":"post_tag","embeddable":true,"href":"https:\/\/www.europesays.com\/ee\/wp-json\/wp\/v2\/tags?post=117004"}],"curies":[{"name":"wp","href":"https:\/\/api.w.org\/{rel}","templated":true}]}}