{"id":117083,"date":"2026-02-27T11:21:09","date_gmt":"2026-02-27T11:21:09","guid":{"rendered":"https:\/\/www.europesays.com\/ee\/117083\/"},"modified":"2026-02-27T11:21:09","modified_gmt":"2026-02-27T11:21:09","slug":"intervjuu-%e2%9f%a9-eesti-suusahooldemees-avaldab-mida-telekaamerad-olumpial-ei-naidanud","status":"publish","type":"post","link":"https:\/\/www.europesays.com\/ee\/117083\/","title":{"rendered":"INTERVJUU \u27e9 Eesti suusahooldemees avaldab, mida telekaamerad ol\u00fcmpial ei n\u00e4idanud"},"content":{"rendered":"<p><img decoding=\"async\" class=\"figure__image\" onclick=\"triggerEvent('articleImageClick', { id: 16621380, focus: 'single-image', focusIndex: '16621380' })\" onkeydown=\"if (event.key === 'Enter') {&#10;        triggerEvent('articleImageClick', { id: 16621380, focus: 'single-image', focusIndex: '16621380' })&#10;        }\" role=\"button\" tabindex=\"0\" data-focus-from=\"single-image\" data-focus-index=\"16621380\" src=\"https:\/\/www.europesays.com\/ee\/wp-content\/uploads\/2026\/02\/16621380t1h4e85.jpg\"  onload=\"this.parentElement.classList.remove('figure__image-loading')\" alt=\"Eesti murdmaakoondise hooldemees Vahur Teppan.\"\/>Eesti murdmaakoondise hooldemees Vahur Teppan. Foto: Margus Ansu<\/p>\n<p>Eesti suusakoondise hooldemeeskonna liige Vahur Teppan, kes tuli tudengip\u00f5lves USA meistriv\u00f5istlustel sprindis kolmandaks, hindas Milano Cortina taliol\u00fcmpia v\u00f5istlusradasid kurnavalt n\u00f5udlikeks, mist\u00f5ttu seal ei l\u00f5hutud ohtralt \u00fcksnes suusakeppe, vaid murti pooleks ka suuski ning kraabiti kukkudes veriseks n\u00e4gu.<\/p>\n<p>Ol\u00fcmpia suusarajad paistsid televiisorist vaadates ilusad, kus tahaks isegi s\u00f5ita, v.a m\u00f5ni t\u00f5us, mis n\u00e4is raske. Millised need rajad tegelikult olid?<\/p>\n","protected":false},"excerpt":{"rendered":"Eesti murdmaakoondise hooldemees Vahur Teppan. Foto: Margus Ansu Eesti suusakoondise hooldemeeskonna liige Vahur Teppan, kes tuli tudengip\u00f5lves USA&hellip;\n","protected":false},"author":2,"featured_media":117084,"comment_status":"","ping_status":"","sticky":false,"template":"","format":"standard","meta":{"footnotes":"","_share_on_mastodon":"0"},"categories":[18],"tags":[8586,37,33,35,34,36,54756,3398,8571,8570,4319,44071,1529,43212,159,158,42063],"class_list":["post-117083","post","type-post","status-publish","format-standard","has-post-thumbnail","category-sport","tag-alvar-johannes-alev","tag-ee","tag-eesti","tag-eesti-keel","tag-estonia","tag-estonian","tag-johannes-hoesflot-klaebo","tag-johannes-hosflot-klabo","tag-kaidy-kaasiku","tag-keidy-kaasiku","tag-milano-cortina-olumpia","tag-murdmaa","tag-olumpia","tag-olumpia-2026","tag-sport","tag-sports","tag-vahur-teppan"],"share_on_mastodon":{"url":"https:\/\/pubeurope.com\/@ee\/116142334716005045","error":""},"_links":{"self":[{"href":"https:\/\/www.europesays.com\/ee\/wp-json\/wp\/v2\/posts\/117083","targetHints":{"allow":["GET"]}}],"collection":[{"href":"https:\/\/www.europesays.com\/ee\/wp-json\/wp\/v2\/posts"}],"about":[{"href":"https:\/\/www.europesays.com\/ee\/wp-json\/wp\/v2\/types\/post"}],"author":[{"embeddable":true,"href":"https:\/\/www.europesays.com\/ee\/wp-json\/wp\/v2\/users\/2"}],"replies":[{"embeddable":true,"href":"https:\/\/www.europesays.com\/ee\/wp-json\/wp\/v2\/comments?post=117083"}],"version-history":[{"count":0,"href":"https:\/\/www.europesays.com\/ee\/wp-json\/wp\/v2\/posts\/117083\/revisions"}],"wp:featuredmedia":[{"embeddable":true,"href":"https:\/\/www.europesays.com\/ee\/wp-json\/wp\/v2\/media\/117084"}],"wp:attachment":[{"href":"https:\/\/www.europesays.com\/ee\/wp-json\/wp\/v2\/media?parent=117083"}],"wp:term":[{"taxonomy":"category","embeddable":true,"href":"https:\/\/www.europesays.com\/ee\/wp-json\/wp\/v2\/categories?post=117083"},{"taxonomy":"post_tag","embeddable":true,"href":"https:\/\/www.europesays.com\/ee\/wp-json\/wp\/v2\/tags?post=117083"}],"curies":[{"name":"wp","href":"https:\/\/api.w.org\/{rel}","templated":true}]}}