{"id":117119,"date":"2026-02-27T11:57:06","date_gmt":"2026-02-27T11:57:06","guid":{"rendered":"https:\/\/www.europesays.com\/ee\/117119\/"},"modified":"2026-02-27T11:57:06","modified_gmt":"2026-02-27T11:57:06","slug":"rootsi-valitsus-kinnitas-drooni-lendu-prantsusmaa-lennukikandja-juures-malmos-kreml-meie-ei-tea-midagi","status":"publish","type":"post","link":"https:\/\/www.europesays.com\/ee\/117119\/","title":{"rendered":"Rootsi valitsus kinnitas drooni lendu Prantsusmaa lennukikandja juures Malm\u00f6s. Kreml: meie ei tea midagi"},"content":{"rendered":"<p>\u201eOn loomulikult v\u00e4ga t\u00f5sine asi, kui rikutakse rootsi \u00f5hupiiri,\u201c \u00fctles kaitseminister P\u00e5l Jonson SVT-le.<\/p>\n<p>Prantsusmaa merev\u00e4e lipulaev Charles de Gaulle oli Malm\u00f6 sadamas muu hulgas strateegiliste \u00f5ppuste jaoks.<\/p>\n<p>SVT andmetel t\u00f5usis l\u00e4hedal viibinud Vene laevalt \u00f5hku droon, mis l\u00e4henes lennukikandjale. Drooni avastas Rootsi merev\u00e4e patrulllaev.<\/p>\n<p>\u201eT\u00f5en\u00e4oliselt on toimunud Roorsi \u00f5hupiiri rikkumine drooni poolt. See toimus seoses Vene s\u00f5jalaeva viibimisega \u00d6resundi v\u00e4inas Rootsi territoriaalvetes. Kaitsev\u00e4gi reageeris kiiresti ja resoluutselt drooni segamiseks,\u201c \u00fctles kaitseminister Jonson.<\/p>\n<p>SVT k\u00fcsis, millisele riigile droon Jonsoni arvates kuulus.<\/p>\n<p>\u201eT\u00f5en\u00e4oliselt Venemaale,\u201c vastas Jonson.<\/p>\n<p>Ka Rootsi kaitsev\u00e4gi kinnitas SVT-le, et m\u00e4rgati kahtlase drooni lendu ja kasutati vastumeetmeid.<\/p>\n<p>\u201eRootsi merev\u00e4e laev m\u00e4rkas merepatrulli ajal \u00d6resundil kahtlast drooni. Seoses selle avastusega v\u00f5ttis kaitsev\u00e4gi tarvitusele vastumeetmed kahtlase drooni segamiseks. Seej\u00e4rel kontakt drooniga kadus,\u201c teatas kaitsev\u00e4gi.<\/p>\n<p>Kuigi merev\u00e4gi ei osanud hetkel vastata, mis droonist sai, ega kinnita, kust see tuli, \u00fctles Jonson, et see oli t\u00f5en\u00e4oliselt Vene oma.<\/p>\n<p>\u201eK\u00f5ige j\u00e4rgi otsustades on tugev seos Vene s\u00f5jalaeva ja selle drooni vahel,\u201c \u00fctles Jonson.<\/p>\n<p>Jonsoni s\u00f5nul liikus kahtlusalune laev edasi L\u00e4\u00e4nemerele.<\/p>\n<p>\u201eKahjuks ei tea ma sellest s\u00fcndmusest midagi. Me ei ole n\u00e4inud teateid ega oma informatsiooni detailide kohta,\u201c \u00fctles Peskov.<\/p>\n<p>Peskov m\u00e4rkis, et kui \u00f6eldakse, et \u201ek\u00f5rval on Vene laev, j\u00e4relikult on droon Vene oma\u201c, siis on see \u201e\u00fcsna absurdne avaldus\u201c.<\/p>\n<p>Kuidas see lugu Sind end tundma pani? Saada <a href=\"https:\/\/www.delfi.ee\/artikkel\/120439130\/rootsi-valitsus-kinnitas-drooni-lendu-prantsusmaa-lennukikandja-juures-malmos-kreml-meie-ei-tea-midagi\/kommentaarid\" class=\"article-body-bottom__comment article-body-bottom__comment--write button button--primary button--size-auto\" rel=\"nofollow noopener\" target=\"_blank\"> Kommenteeri <\/a><a href=\"https:\/\/www.delfi.ee\/artikkel\/120439130\/rootsi-valitsus-kinnitas-drooni-lendu-prantsusmaa-lennukikandja-juures-malmos-kreml-meie-ei-tea-midagi\/kommentaarid\" class=\"article-body-bottom__comment article-body-bottom__comment--read button button--size-auto\" rel=\"nofollow noopener\" target=\"_blank\"> Loe kommentaare (5)<\/a><\/p>\n","protected":false},"excerpt":{"rendered":"\u201eOn loomulikult v\u00e4ga t\u00f5sine asi, kui rikutakse rootsi \u00f5hupiiri,\u201c \u00fctles kaitseminister P\u00e5l Jonson SVT-le. Prantsusmaa merev\u00e4e lipulaev Charles&hellip;\n","protected":false},"author":2,"featured_media":117120,"comment_status":"","ping_status":"","sticky":false,"template":"","format":"standard","meta":{"footnotes":"","_share_on_mastodon":"0"},"categories":[80],"tags":[26,27,944,37,33,35,34,36,31,32,21,103,1694,28,29,95,14534,19,25,52,889,23,24,22,20,96,30,92,93,94],"class_list":["post-117119","post","type-post","status-publish","format-standard","has-post-thumbnail","category-maailm","tag-breaking-news","tag-breakingnews","tag-dmitri-peskov","tag-ee","tag-eesti","tag-eesti-keel","tag-estonia","tag-estonian","tag-featured-news","tag-featurednews","tag-headlines","tag-kreml","tag-laanemeri","tag-latest-news","tag-latestnews","tag-maailm","tag-malmo","tag-news","tag-populaarseimad-lood","tag-prantsusmaa","tag-rootsi","tag-top-stories","tag-topstories","tag-uldised-uudised","tag-uudised","tag-venemaa","tag-viimased-uudised","tag-world","tag-world-news","tag-worldnews"],"share_on_mastodon":{"url":"https:\/\/pubeurope.com\/@ee\/116142476149586713","error":""},"_links":{"self":[{"href":"https:\/\/www.europesays.com\/ee\/wp-json\/wp\/v2\/posts\/117119","targetHints":{"allow":["GET"]}}],"collection":[{"href":"https:\/\/www.europesays.com\/ee\/wp-json\/wp\/v2\/posts"}],"about":[{"href":"https:\/\/www.europesays.com\/ee\/wp-json\/wp\/v2\/types\/post"}],"author":[{"embeddable":true,"href":"https:\/\/www.europesays.com\/ee\/wp-json\/wp\/v2\/users\/2"}],"replies":[{"embeddable":true,"href":"https:\/\/www.europesays.com\/ee\/wp-json\/wp\/v2\/comments?post=117119"}],"version-history":[{"count":0,"href":"https:\/\/www.europesays.com\/ee\/wp-json\/wp\/v2\/posts\/117119\/revisions"}],"wp:featuredmedia":[{"embeddable":true,"href":"https:\/\/www.europesays.com\/ee\/wp-json\/wp\/v2\/media\/117120"}],"wp:attachment":[{"href":"https:\/\/www.europesays.com\/ee\/wp-json\/wp\/v2\/media?parent=117119"}],"wp:term":[{"taxonomy":"category","embeddable":true,"href":"https:\/\/www.europesays.com\/ee\/wp-json\/wp\/v2\/categories?post=117119"},{"taxonomy":"post_tag","embeddable":true,"href":"https:\/\/www.europesays.com\/ee\/wp-json\/wp\/v2\/tags?post=117119"}],"curies":[{"name":"wp","href":"https:\/\/api.w.org\/{rel}","templated":true}]}}