{"id":117225,"date":"2026-02-27T13:47:15","date_gmt":"2026-02-27T13:47:15","guid":{"rendered":"https:\/\/www.europesays.com\/ee\/117225\/"},"modified":"2026-02-27T13:47:15","modified_gmt":"2026-02-27T13:47:15","slug":"turgi-vangistatud-kurdiliider-ocalan-kuulutas-uue-ajastu-algust-valismaa","status":"publish","type":"post","link":"https:\/\/www.europesays.com\/ee\/117225\/","title":{"rendered":"T\u00fcrgi vangistatud kurdiliider \u00d6calan kuulutas uue ajastu algust | V\u00e4lismaa"},"content":{"rendered":"<p>Aastaid T\u00fcrgi v\u00f5imude vastu v\u00f5idelnud Kurdistani T\u00f6\u00f6lispartei (PKK) asutaja Abdullah \u00d6calan, kes aasta eest oli teinud ajaloolise \u00fcleskutse l\u00f5petada v\u00f5itlus, kuulutas reedel uue poliitilise ajastu algust. T\u00fcrgi on \u00d6calani juba \u00fcle veerand sajandi vangis hoidnud.<\/p>\n<p>\u00d6calani eelmise aasta \u00fcleskutse j\u00e4rel l\u00e4ks PKK ametlikult laiali, l\u00f5petades neli aastak\u00fcmmet kestnud v\u00e4givalla, mis on n\u00f5udnud umbes 50 000 inimelu, ning p\u00f6\u00f6rdus kurdide huvide edendamiseks demokraatlike vahendite poole.<\/p>\n<p>&#8220;Uks on avanemas uuele poliitilisele ajastule ja strateegiale,&#8221; \u00fctles \u00d6calan kirjalikus avalduses Imrali vanglasaarelt, kus teda on alates 1999. aastast \u00fcksikvangistuses hoitud.<\/p>\n<p>&#8220;Meie eesm\u00e4rk on l\u00f5petada v\u00e4givallap\u00f5hise poliitika ajastu ja avada demokraatlikul \u00fchiskonnal ning \u00f5igusriigil p\u00f5hinev protsess,&#8221; \u00fctles ta, kutsudes k\u00f5iki T\u00fcrgi \u00fchiskonna osi protsessiga kaasa tulema.<\/p>\n<p>P\u00e4rast <a href=\"https:\/\/www.err.ee\/1609618382\/turgi-kurdi-massuliste-vangistatud-liider-ocalan-kutsus-pkk-d-relvi-maha-panem\" target=\"_blank\" rel=\"noopener nofollow\">tema \u00fcleskutset<\/a> <a href=\"https:\/\/www.err.ee\/1609691006\/kurdistani-toolispartei-otsustas-laiali-minna\" target=\"_blank\" rel=\"noopener nofollow\">on PKK ametlikult laiali l\u00e4inud<\/a>, <a href=\"https:\/\/www.err.ee\/1609743738\/kurdide-pkk-voitlejad-poletasid-tseremoonial-relvi\" target=\"_blank\" rel=\"noopener nofollow\">korraldanud s\u00fcmboolse relvade p\u00f5letamise tseremoonia<\/a> ja toonud k\u00f5ik oma v\u00f5itlejad T\u00fcrgi pinnalt \u00e4ra.<\/p>\n<p>T\u00fcrgi poolelt avaldas partei\u00fclene parlamendikomisjon l\u00e4inud n\u00e4dalal olulise raporti, mille eesm\u00e4rk on valmistada ette \u00f5iguslik alus protsessi edendamiseks, toetades endiste kurdi v\u00f5itlejate taasl\u00f5imimise plaane.<\/p>\n<p>Eeldatavasti esitatakse see parlamendile j\u00e4rgmisel kuul, t\u00f5en\u00e4oliselt p\u00e4rast moslemite paastukuu ramadaani l\u00f5ppu.<\/p>\n<p>Kui see vastu v\u00f5etakse, on see esimene konkreetne samm, mille T\u00fcrgi on astunud.<\/p>\n<p>Hoolimata korduvatest \u00fcleskutsetest leevendada 76-aastase \u00d6calani vangis hoidmise tingimusi, on tema kinnipidamise re\u017eiim j\u00e4\u00e4nud samaks, kuigi ta on saanud parema juurdep\u00e4\u00e4su perele, advokaatidele ja k\u00e4put\u00e4iele kurdimeelse erakonna DEM parlamendiliikmele, kes rahuprotsessi edendavad.<\/p>\n<p>\u00d6calan \u00fctles, et tema 2025. aasta 27. veebruari \u00fcleskutse &#8220;eesm\u00e4rk oli murda mehhanism, mis toitub verevalamisest ja konfliktist&#8221;, kuid hoiatas, et edasiminek s\u00f5ltub T\u00fcrgi demokraatia tugevdamisest.<\/p>\n<p>&#8220;\u00dcleminekuks demokraatlikule integratsioonile on vaja rahuseadusi,&#8221; \u00fctles ta.<\/p>\n<p>&#8220;Paljud t\u00e4nased probleemid ja kriisid on p\u00f5hjustatud demokraatliku \u00f5igusriigi puudumisest. Me vajame l\u00e4henemist, mis annab ruumi demokraatiale ja kehtestab sellele tugevad \u00f5iguslikud garantiid,&#8221; m\u00e4rkis ta.<\/p>\n<p>M\u00f5ned parlamendiraporti koostamisega seotud seadusandjad v\u00e4ljendasid muret, et tekstis ei mainitud &#8220;kurdi k\u00fcsimust&#8221;.<\/p>\n<p>Teised m\u00e4rkisid, et puudus viide \u00d6calani v\u00f5imalikule ennet\u00e4htaegsele vabastamisele, mida mainiti esmakordselt 2024. aasta oktoobris, kui Ankara talle oliivioksa ulatas ja protsessi algatas.<\/p>\n","protected":false},"excerpt":{"rendered":"Aastaid T\u00fcrgi v\u00f5imude vastu v\u00f5idelnud Kurdistani T\u00f6\u00f6lispartei (PKK) asutaja Abdullah \u00d6calan, kes aasta eest oli teinud ajaloolise \u00fcleskutse&hellip;\n","protected":false},"author":2,"featured_media":117226,"comment_status":"","ping_status":"","sticky":false,"template":"","format":"standard","meta":{"footnotes":"","_share_on_mastodon":"0"},"categories":[80],"tags":[26,27,37,33,35,34,36,31,32,21,54804,54801,28,29,95,19,54802,43524,25,23,24,54803,22,20,30,92,93,94],"class_list":["post-117225","post","type-post","status-publish","format-standard","has-post-thumbnail","category-maailm","tag-breaking-news","tag-breakingnews","tag-ee","tag-eesti","tag-eesti-keel","tag-estonia","tag-estonian","tag-featured-news","tag-featurednews","tag-headlines","tag-kurdi-kusimus","tag-kurdistani-toolispartei","tag-latest-news","tag-latestnews","tag-maailm","tag-news","tag-ocalan","tag-pkk","tag-populaarseimad-lood","tag-top-stories","tag-topstories","tag-turgi-sisepoliitika","tag-uldised-uudised","tag-uudised","tag-viimased-uudised","tag-world","tag-world-news","tag-worldnews"],"share_on_mastodon":{"url":"https:\/\/pubeurope.com\/@ee\/116142908537524114","error":""},"_links":{"self":[{"href":"https:\/\/www.europesays.com\/ee\/wp-json\/wp\/v2\/posts\/117225","targetHints":{"allow":["GET"]}}],"collection":[{"href":"https:\/\/www.europesays.com\/ee\/wp-json\/wp\/v2\/posts"}],"about":[{"href":"https:\/\/www.europesays.com\/ee\/wp-json\/wp\/v2\/types\/post"}],"author":[{"embeddable":true,"href":"https:\/\/www.europesays.com\/ee\/wp-json\/wp\/v2\/users\/2"}],"replies":[{"embeddable":true,"href":"https:\/\/www.europesays.com\/ee\/wp-json\/wp\/v2\/comments?post=117225"}],"version-history":[{"count":0,"href":"https:\/\/www.europesays.com\/ee\/wp-json\/wp\/v2\/posts\/117225\/revisions"}],"wp:featuredmedia":[{"embeddable":true,"href":"https:\/\/www.europesays.com\/ee\/wp-json\/wp\/v2\/media\/117226"}],"wp:attachment":[{"href":"https:\/\/www.europesays.com\/ee\/wp-json\/wp\/v2\/media?parent=117225"}],"wp:term":[{"taxonomy":"category","embeddable":true,"href":"https:\/\/www.europesays.com\/ee\/wp-json\/wp\/v2\/categories?post=117225"},{"taxonomy":"post_tag","embeddable":true,"href":"https:\/\/www.europesays.com\/ee\/wp-json\/wp\/v2\/tags?post=117225"}],"curies":[{"name":"wp","href":"https:\/\/api.w.org\/{rel}","templated":true}]}}