{"id":117300,"date":"2026-02-27T15:12:11","date_gmt":"2026-02-27T15:12:11","guid":{"rendered":"https:\/\/www.europesays.com\/ee\/117300\/"},"modified":"2026-02-27T15:12:11","modified_gmt":"2026-02-27T15:12:11","slug":"politsei-otsib-sillamael-kadunuks-jaanud-sabiri","status":"publish","type":"post","link":"https:\/\/www.europesays.com\/ee\/117300\/","title":{"rendered":"Politsei otsib Sillam\u00e4el kadunuks j\u00e4\u00e4nud Sabiri"},"content":{"rendered":"<p>Sabir lahkus oma Sillam\u00e4e kodust 23. veebruaril ning pole t\u00e4naseni sinna naasnud. Poiss v\u00f5ib liikuda \u00fcle Eesti, t\u00f5en\u00e4oliselt Ida-Virumaa ja J\u00e4rvamaa linnades.<\/p>\n<p>Politseinikud on kontrollinud nooruki v\u00f5imalikke asukohti ning suhelnud l\u00e4hedastega, kuid Sabiri ei ole veel leitud. Poisil on endaga kaasas telefon, mis on v\u00e4ljal\u00fclitatud.<\/p>\n<p>Sabir on k\u00f5hna kehaehitusega ja 160 sentimeetrit pikk. Ta on tumedate l\u00fchikeste ning sirgete juustega, pruunide silmade ja t\u00f5mmu nahatooniga.<\/p>\n<p>Kadumise ajal kandis Sabir seljas musta kapuutsiga jopet, jalas heledaid teksasid ning musti tosse.<\/p>\n<p>Politsei palub k\u00f5igil, kes on Sabiri n\u00e4inud v\u00f5i kellel on infot tema asukoha osas, sellest teada anda helistades numbril 112.<\/p>\n","protected":false},"excerpt":{"rendered":"Sabir lahkus oma Sillam\u00e4e kodust 23. veebruaril ning pole t\u00e4naseni sinna naasnud. Poiss v\u00f5ib liikuda \u00fcle Eesti, t\u00f5en\u00e4oliselt&hellip;\n","protected":false},"author":2,"featured_media":117301,"comment_status":"","ping_status":"","sticky":false,"template":"","format":"standard","meta":{"footnotes":"","_share_on_mastodon":"0"},"categories":[16],"tags":[54843,37,33,35,173,34,36,2522,2723,140,54844,54842,2299,387],"class_list":["post-117300","post","type-post","status-publish","format-standard","has-post-thumbnail","category-meelelahutus","tag-23-veebruar","tag-ee","tag-eesti","tag-eesti-keel","tag-entertainment","tag-estonia","tag-estonian","tag-ida-virumaa","tag-jarvamaa","tag-meelelahutus","tag-poliitsei","tag-sabir","tag-sillamae","tag-telefon"],"share_on_mastodon":{"url":"https:\/\/pubeurope.com\/@ee\/116143242830358314","error":""},"_links":{"self":[{"href":"https:\/\/www.europesays.com\/ee\/wp-json\/wp\/v2\/posts\/117300","targetHints":{"allow":["GET"]}}],"collection":[{"href":"https:\/\/www.europesays.com\/ee\/wp-json\/wp\/v2\/posts"}],"about":[{"href":"https:\/\/www.europesays.com\/ee\/wp-json\/wp\/v2\/types\/post"}],"author":[{"embeddable":true,"href":"https:\/\/www.europesays.com\/ee\/wp-json\/wp\/v2\/users\/2"}],"replies":[{"embeddable":true,"href":"https:\/\/www.europesays.com\/ee\/wp-json\/wp\/v2\/comments?post=117300"}],"version-history":[{"count":0,"href":"https:\/\/www.europesays.com\/ee\/wp-json\/wp\/v2\/posts\/117300\/revisions"}],"wp:featuredmedia":[{"embeddable":true,"href":"https:\/\/www.europesays.com\/ee\/wp-json\/wp\/v2\/media\/117301"}],"wp:attachment":[{"href":"https:\/\/www.europesays.com\/ee\/wp-json\/wp\/v2\/media?parent=117300"}],"wp:term":[{"taxonomy":"category","embeddable":true,"href":"https:\/\/www.europesays.com\/ee\/wp-json\/wp\/v2\/categories?post=117300"},{"taxonomy":"post_tag","embeddable":true,"href":"https:\/\/www.europesays.com\/ee\/wp-json\/wp\/v2\/tags?post=117300"}],"curies":[{"name":"wp","href":"https:\/\/api.w.org\/{rel}","templated":true}]}}