{"id":117314,"date":"2026-02-27T15:25:07","date_gmt":"2026-02-27T15:25:07","guid":{"rendered":"https:\/\/www.europesays.com\/ee\/117314\/"},"modified":"2026-02-27T15:25:07","modified_gmt":"2026-02-27T15:25:07","slug":"finnair-tihendab-uhendusi-eestiga-ja-lisab-uusi-aastaringselt-avatud-sihtkohti","status":"publish","type":"post","link":"https:\/\/www.europesays.com\/ee\/117314\/","title":{"rendered":"Finnair tihendab \u00fchendusi Eestiga ja lisab uusi aastaringselt avatud sihtkohti"},"content":{"rendered":"<p>\u201eArendame pidevalt oma lennuv\u00f5rku ja suurendame lendude arvu. Aastaringsed \u00fchendused tagavad, et meie kliendid saavad nautida sujuvaid ja usaldusv\u00e4\u00e4rseid reisiv\u00f5imalusi k\u00f5igil aastaaegadel,\u201c \u00fctles Finnairi Baltimaade turujuht Arunas Skuja. <\/p>\n<p>Luksemburgist <a rel=\"noopener nofollow\" target=\"_blank\" href=\"https:\/\/www.delfi.ee\/teema\/39544203\/helsingi\" tag-id=\"39544203\">Helsingisse<\/a> ning sealt edasi l\u00e4bi Finnairi laia lennuv\u00f5rgustiku reisib palju \u00e4ri- ja \u00fcmberistumisega reisijaid. \u00dchenduste arv Luksemburgiga suureneb suvise kolme lennu asemel neljale lennule n\u00e4dalas talvehooajal.<\/p>\n<p>Valencia pakub keset talve p\u00e4ikeselist linnapuhkuse v\u00f5imalust, samas kui L\u00e4\u00e4ne-Alpide l\u00e4hedal asuv Torino sobib eriti h\u00e4sti talispordihuvilistele. Finnair lendab talvehooajal Torinosse kord n\u00e4dalas ning talispordi tipphooajal, jaanuarist m\u00e4rtsini, kaks korda n\u00e4dalas. Suvel lendab Finnair Torinosse kolm korda n\u00e4dalas. Valencia neli n\u00e4dalast lendu j\u00e4tkuvad samuti talveperioodil.<\/p>\n<p>Varem v\u00e4lja kuulutatud liinidest j\u00e4tkavad aastaringselt ka Stavanger ja Ume\u00e5. J\u00e4rgmisel talvel toimub Stavangerisse \u00fcheksa lendu n\u00e4dalas, millest kuus Helsingist v\u00e4ljuvat lendu toimuvad Stockholmi Arlanda kaudu ning kolm otselennuna Stavangerisse. K\u00f5ik Stavangerist Helsingisse suunduvad tagasilennud teevad peatuse Stockholmis, toetades ka reisimist Stavangeri ja Stockholmi vahel. Ume\u00e5sse toimub talvehooajal 10 lendu n\u00e4dalas, mis opereeritakse <a rel=\"noopener nofollow\" target=\"_blank\" href=\"https:\/\/www.delfi.ee\/teema\/76497717\/vaasa\" tag-id=\"76497717\">Vaasa<\/a> kaudu.<\/p>\n<p>Eelmisel aastal teatas Finnair 12 uuest <a rel=\"noopener nofollow\" target=\"_blank\" href=\"https:\/\/www.delfi.ee\/teema\/25138591\/euroopa\" tag-id=\"25138591\">Euroopa<\/a> sihtkohast eelseisvaks suveks. Samuti alustab ettev\u00f5te mais otselende Torontosse ning avab oktoobris uue liini Austraaliasse Melbourne\u2019i.<\/p>\n<p>Helsingist <a rel=\"noopener nofollow\" target=\"_blank\" href=\"https:\/\/www.delfi.ee\/teema\/1094\/tallinn\" tag-id=\"1094\">Tallinnasse<\/a> toimub 2026. aasta talvel kuni 63 v\u00e4ljumist n\u00e4dalas. Helsingist Tartusse 12 lendu n\u00e4dalas.<\/p>\n<p>Kuidas see lugu Sind end tundma pani? Saada <a href=\"https:\/\/reisijuht.delfi.ee\/artikkel\/120439196\/finnair-tihendab-uhendusi-eestiga-ja-lisab-uusi-aastaringselt-avatud-sihtkohti\/kommentaarid\" class=\"article-body-bottom__comment article-body-bottom__comment--write button button--primary button--size-auto\" rel=\"nofollow noopener\" target=\"_blank\"> Kommenteeri <\/a><a href=\"https:\/\/reisijuht.delfi.ee\/artikkel\/120439196\/finnair-tihendab-uhendusi-eestiga-ja-lisab-uusi-aastaringselt-avatud-sihtkohti\/kommentaarid\" class=\"article-body-bottom__comment article-body-bottom__comment--read button button--size-auto\" rel=\"nofollow noopener\" target=\"_blank\"> Loe kommentaare <\/a><\/p>\n","protected":false},"excerpt":{"rendered":"\u201eArendame pidevalt oma lennuv\u00f5rku ja suurendame lendude arvu. Aastaringsed \u00fchendused tagavad, et meie kliendid saavad nautida sujuvaid ja&hellip;\n","protected":false},"author":2,"featured_media":117315,"comment_status":"","ping_status":"","sticky":false,"template":"","format":"standard","meta":{"footnotes":"","_share_on_mastodon":"0"},"categories":[14],"tags":[131,130,37,33,35,34,36,112,5658,3950,1769,2130,1823,37541,1139],"class_list":["post-117314","post","type-post","status-publish","format-standard","has-post-thumbnail","category-ari","tag-ari","tag-business","tag-ee","tag-eesti","tag-eesti-keel","tag-estonia","tag-estonian","tag-euroopa","tag-finnair","tag-helsingi","tag-lennufirma","tag-tallinn","tag-torino","tag-vaasa","tag-valencia"],"share_on_mastodon":{"url":"https:\/\/pubeurope.com\/@ee\/116143293910086034","error":""},"_links":{"self":[{"href":"https:\/\/www.europesays.com\/ee\/wp-json\/wp\/v2\/posts\/117314","targetHints":{"allow":["GET"]}}],"collection":[{"href":"https:\/\/www.europesays.com\/ee\/wp-json\/wp\/v2\/posts"}],"about":[{"href":"https:\/\/www.europesays.com\/ee\/wp-json\/wp\/v2\/types\/post"}],"author":[{"embeddable":true,"href":"https:\/\/www.europesays.com\/ee\/wp-json\/wp\/v2\/users\/2"}],"replies":[{"embeddable":true,"href":"https:\/\/www.europesays.com\/ee\/wp-json\/wp\/v2\/comments?post=117314"}],"version-history":[{"count":0,"href":"https:\/\/www.europesays.com\/ee\/wp-json\/wp\/v2\/posts\/117314\/revisions"}],"wp:featuredmedia":[{"embeddable":true,"href":"https:\/\/www.europesays.com\/ee\/wp-json\/wp\/v2\/media\/117315"}],"wp:attachment":[{"href":"https:\/\/www.europesays.com\/ee\/wp-json\/wp\/v2\/media?parent=117314"}],"wp:term":[{"taxonomy":"category","embeddable":true,"href":"https:\/\/www.europesays.com\/ee\/wp-json\/wp\/v2\/categories?post=117314"},{"taxonomy":"post_tag","embeddable":true,"href":"https:\/\/www.europesays.com\/ee\/wp-json\/wp\/v2\/tags?post=117314"}],"curies":[{"name":"wp","href":"https:\/\/api.w.org\/{rel}","templated":true}]}}