{"id":117324,"date":"2026-02-27T15:35:15","date_gmt":"2026-02-27T15:35:15","guid":{"rendered":"https:\/\/www.europesays.com\/ee\/117324\/"},"modified":"2026-02-27T15:35:15","modified_gmt":"2026-02-27T15:35:15","slug":"ukraina-on-muutunud-tohusamaks-vene-ohurunnakute-torjumisel","status":"publish","type":"post","link":"https:\/\/www.europesays.com\/ee\/117324\/","title":{"rendered":"Ukraina on muutunud t\u00f5husamaks Vene \u00f5hur\u00fcnnakute t\u00f5rjumisel"},"content":{"rendered":"<p>Ukraina \u00f5huj\u00f5ud on t\u00e4nu s\u00fcsteemisisestele muudatustele parandanud oma v\u00f5imet t\u00f5rjuda Vene \u00f5hur\u00fcnnakuid, hindas neljap\u00e4evases videop\u00f6\u00f6rdumises president Volod\u00f5m\u00f5r Zelensk\u00f5i, kelle s\u00f5nu vahendas uudistekanal Ukrinform.<\/p>\n<p>\u00abViimastel n\u00e4dalatel on Ukraina relvaj\u00f5udude \u00f5huv\u00e4gi t\u00f6\u00f6tanud paremini, sest s\u00fcsteemis on m\u00f5ningaid asju \u00fcmber korraldatud. Eriti just selliste massiivsete \u00f5hur\u00fcnnakute vastase kaitse organiseerimisel,\u00bb r\u00e4\u00e4kis riigipea.<\/p>\n","protected":false},"excerpt":{"rendered":"Ukraina \u00f5huj\u00f5ud on t\u00e4nu s\u00fcsteemisisestele muudatustele parandanud oma v\u00f5imet t\u00f5rjuda Vene \u00f5hur\u00fcnnakuid, hindas neljap\u00e4evases videop\u00f6\u00f6rdumises president Volod\u00f5m\u00f5r Zelensk\u00f5i,&hellip;\n","protected":false},"author":2,"featured_media":117325,"comment_status":"","ping_status":"","sticky":false,"template":"","format":"standard","meta":{"footnotes":"","_share_on_mastodon":"0"},"categories":[18],"tags":[23759,37,33,35,1849,34,36,10374,2803,9877,159,158,262,96,3623],"class_list":["post-117324","post","type-post","status-publish","format-standard","has-post-thumbnail","category-sport","tag-abu-dhabi","tag-ee","tag-eesti","tag-eesti-keel","tag-energeetika","tag-estonia","tag-estonian","tag-labiraakimised","tag-ohutorje","tag-ohuvagi","tag-sport","tag-sports","tag-ukraina","tag-venemaa","tag-zelenskoi"],"share_on_mastodon":{"url":"https:\/\/pubeurope.com\/@ee\/116143333292299716","error":""},"_links":{"self":[{"href":"https:\/\/www.europesays.com\/ee\/wp-json\/wp\/v2\/posts\/117324","targetHints":{"allow":["GET"]}}],"collection":[{"href":"https:\/\/www.europesays.com\/ee\/wp-json\/wp\/v2\/posts"}],"about":[{"href":"https:\/\/www.europesays.com\/ee\/wp-json\/wp\/v2\/types\/post"}],"author":[{"embeddable":true,"href":"https:\/\/www.europesays.com\/ee\/wp-json\/wp\/v2\/users\/2"}],"replies":[{"embeddable":true,"href":"https:\/\/www.europesays.com\/ee\/wp-json\/wp\/v2\/comments?post=117324"}],"version-history":[{"count":0,"href":"https:\/\/www.europesays.com\/ee\/wp-json\/wp\/v2\/posts\/117324\/revisions"}],"wp:featuredmedia":[{"embeddable":true,"href":"https:\/\/www.europesays.com\/ee\/wp-json\/wp\/v2\/media\/117325"}],"wp:attachment":[{"href":"https:\/\/www.europesays.com\/ee\/wp-json\/wp\/v2\/media?parent=117324"}],"wp:term":[{"taxonomy":"category","embeddable":true,"href":"https:\/\/www.europesays.com\/ee\/wp-json\/wp\/v2\/categories?post=117324"},{"taxonomy":"post_tag","embeddable":true,"href":"https:\/\/www.europesays.com\/ee\/wp-json\/wp\/v2\/tags?post=117324"}],"curies":[{"name":"wp","href":"https:\/\/api.w.org\/{rel}","templated":true}]}}