{"id":117338,"date":"2026-02-27T15:49:06","date_gmt":"2026-02-27T15:49:06","guid":{"rendered":"https:\/\/www.europesays.com\/ee\/117338\/"},"modified":"2026-02-27T15:49:06","modified_gmt":"2026-02-27T15:49:06","slug":"enne-lati-piiri-soitis-kaks-rekat-libedaga-teelt-valja-postimees","status":"publish","type":"post","link":"https:\/\/www.europesays.com\/ee\/117338\/","title":{"rendered":"Enne L\u00e4ti piiri s\u00f5itis kaks rekat libedaga teelt v\u00e4lja &#8211; Postimees"},"content":{"rendered":"<ol>\n<li><a href=\"https:\/\/news.google.com\/rss\/articles\/CBMilAFBVV95cUxQT1pmOHZVQlV0RlhGQ00xbjlpejVOQjB4SVpzYlFGdm9iTjRvWnZHUmRKN0JhaXItWWFydzAyVm9JNmltUUlrckNyRnBHQ0RGVnNRQXRZY0lFLXE1bi1rWW0zRkgxRWhWaTdGYzFQTVl5UENGT1ZsakJlWEhNTHVLYzYxSGo1aDFGNU1saEpiVU5id1JE?oc=5\" target=\"_blank\" rel=\"nofollow noopener\">Enne L\u00e4ti piiri s\u00f5itis kaks rekat libedaga teelt v\u00e4lja<\/a>&nbsp;&nbsp;Postimees<\/li>\n<li><a href=\"https:\/\/news.google.com\/rss\/articles\/CBMinwFBVV95cUxPVWVPcm1EcEMxMDRiWDlJWDdkbXBFOWxNY1k4eWJCeDRZQzV3cFZtekYwU2o2MVNXYlVMLXhmNUp3MWVSRW4zd0wzcFAxM2U0M1dEMjctTHlySVVza1AyWXNzbnhxSVROTHg4WFY5MUlqOEllNEdrNGRTeDhUb1F2TGxuYXV2Nlg0NzE2T1UtamRORUZIajN3cUw4UTYxeDQ?oc=5\" target=\"_blank\" rel=\"nofollow noopener\">INDREK VASSUS \u27e9 \u00dcksnes arvud maadluskeskusest kogu lugu ei r\u00e4\u00e4gi<\/a>&nbsp;&nbsp;Postimees<\/li>\n<li><a href=\"https:\/\/news.google.com\/rss\/articles\/CBMizAFBVV95cUxPN0NXT2JKc0Nad1YzSGl4ajlGS0hyT3RKanVybXBJTjZJVmk5OHo2d0ZQVE9nODQ1QnpXYjFEci1WbDRma2txdWdWV2hMNFpGQTdxOElJeTZUNUdrZE95RmlaNm4tcUlvdkJzRjV4UGtXR1Z5NmpNRkoybWJNWWVjS1JvaXRBa1ZJTGFoV3hQV3Y4Y3FhYWM1elNIbkVGYVRGQ2lXekdXYVdLcnJyRkZWVFVFdG5KeEF0MGUzYXVPQU9NREFrem1UbS1lcFg?oc=5\" target=\"_blank\" rel=\"nofollow noopener\">KUMMALINE TEHING Linn maksab oma ruumide eest rentnikule neli korda rohkem, kui temalt renti saab<\/a>&nbsp;&nbsp;Postimees<\/li>\n<li><a href=\"https:\/\/news.google.com\/rss\/articles\/CBMiigFBVV95cUxOQWFZYVo0WWQtWkQ5SUsxR2c1cWhQeHF2S0R4R2k2Uk92dFl5R0RldDdwTUs3X185b3dmMmFjZUdnV0h5RHpZNXdrY3JyRnExR3phRllPenpEdWc4YzdnN3N4SFlNVVFDUERqc1VyY1VKbmpHX0RTWlhtRWg2ckdHZm1pLTRKejRxMFE?oc=5\" target=\"_blank\" rel=\"nofollow noopener\">ANETT SUITS \u27e9 Kus on Viljandi noortekeskuse kodu?<\/a>&nbsp;&nbsp;Postimees<\/li>\n<li><a href=\"https:\/\/news.google.com\/rss\/articles\/CBMiiAFBVV95cUxNT2wxc3VMcVJWVEJiV3dPazFVMWVtYjAyOElmM21MZWQ0NjBwZGRhYnNGa2x1N0F4Rm52VGlBdG9WR3ZMVVcxWGxHRmdrVFNvc0EwVWxaNGdjWnRGbE40RXMwRWVrMjhRemRTaDYxeV9fZ2xUNjEyek00aVdMUlB3RmZJZVgyazNj?oc=5\" target=\"_blank\" rel=\"nofollow noopener\">JUHTKIRI \u27e9 Maadlejate ees tuleb m\u00fcts maha v\u00f5tta<\/a>&nbsp;&nbsp;Postimees<\/li>\n<\/ol>\n","protected":false},"excerpt":{"rendered":"Enne L\u00e4ti piiri s\u00f5itis kaks rekat libedaga teelt v\u00e4lja&nbsp;&nbsp;Postimees INDREK VASSUS \u27e9 \u00dcksnes arvud maadluskeskusest kogu lugu ei&hellip;\n","protected":false},"author":2,"featured_media":117339,"comment_status":"","ping_status":"","sticky":false,"template":"","format":"standard","meta":{"footnotes":"","_share_on_mastodon":"0"},"categories":[12],"tags":[7088,26,27,37,33,35,34,36,31,32,21,28,29,32680,19,25,23,24,22,20,30],"class_list":["post-117338","post","type-post","status-publish","format-standard","has-post-thumbnail","category-eesti","tag-avarii","tag-breaking-news","tag-breakingnews","tag-ee","tag-eesti","tag-eesti-keel","tag-estonia","tag-estonian","tag-featured-news","tag-featurednews","tag-headlines","tag-latest-news","tag-latestnews","tag-libe-tee","tag-news","tag-populaarseimad-lood","tag-top-stories","tag-topstories","tag-uldised-uudised","tag-uudised","tag-viimased-uudised"],"share_on_mastodon":{"url":"https:\/\/pubeurope.com\/@ee\/116143388542476421","error":""},"_links":{"self":[{"href":"https:\/\/www.europesays.com\/ee\/wp-json\/wp\/v2\/posts\/117338","targetHints":{"allow":["GET"]}}],"collection":[{"href":"https:\/\/www.europesays.com\/ee\/wp-json\/wp\/v2\/posts"}],"about":[{"href":"https:\/\/www.europesays.com\/ee\/wp-json\/wp\/v2\/types\/post"}],"author":[{"embeddable":true,"href":"https:\/\/www.europesays.com\/ee\/wp-json\/wp\/v2\/users\/2"}],"replies":[{"embeddable":true,"href":"https:\/\/www.europesays.com\/ee\/wp-json\/wp\/v2\/comments?post=117338"}],"version-history":[{"count":0,"href":"https:\/\/www.europesays.com\/ee\/wp-json\/wp\/v2\/posts\/117338\/revisions"}],"wp:featuredmedia":[{"embeddable":true,"href":"https:\/\/www.europesays.com\/ee\/wp-json\/wp\/v2\/media\/117339"}],"wp:attachment":[{"href":"https:\/\/www.europesays.com\/ee\/wp-json\/wp\/v2\/media?parent=117338"}],"wp:term":[{"taxonomy":"category","embeddable":true,"href":"https:\/\/www.europesays.com\/ee\/wp-json\/wp\/v2\/categories?post=117338"},{"taxonomy":"post_tag","embeddable":true,"href":"https:\/\/www.europesays.com\/ee\/wp-json\/wp\/v2\/tags?post=117338"}],"curies":[{"name":"wp","href":"https:\/\/api.w.org\/{rel}","templated":true}]}}