{"id":117340,"date":"2026-02-27T15:50:31","date_gmt":"2026-02-27T15:50:31","guid":{"rendered":"https:\/\/www.europesays.com\/ee\/117340\/"},"modified":"2026-02-27T15:50:31","modified_gmt":"2026-02-27T15:50:31","slug":"vene-droon-lahenes-malmo-sadamas-prantsuse-lennukikandjale-valismaa","status":"publish","type":"post","link":"https:\/\/www.europesays.com\/ee\/117340\/","title":{"rendered":"Vene droon l\u00e4henes Malm\u00f6 sadamas Prantsuse lennukikandjale | V\u00e4lismaa"},"content":{"rendered":"<p>Rootsi ringh\u00e4\u00e4lingu SVT andmetel l\u00e4henes Vene droon Malm\u00f6s viibivale Prantsuse lennukikandjale Charles de Gaulle. Rootsi kaitsej\u00f5ud teatasid drooni vastu meetmete rakendamisest.<\/p>\n<p>Lennukikandja Charles de Gaulle on Prantsuse merev\u00e4e lipulaev, mis on praegu sildunud Malm\u00f6 sadamas, et osaleda strateegilisel \u00f5ppusel.<\/p>\n<p>Lennukikandja visiidi ajal leidis aset julgeolekuintsident. SVT info kohaselt t\u00f5usis l\u00e4hedal asuvalt Vene laevalt \u00f5hku droon ja suundus Prantsuse aluse poole.\u00a0<\/p>\n<p>Rootsi kaitsej\u00f5ud kinnitasid, et m\u00e4rkasid kahtlast lennuvahendit ja kasutasid selle t\u00f5rjumiseks segamiss\u00fcsteeme.<\/p>\n<p>&#8220;Rootsi merev\u00e4e laev m\u00e4rkas \u00d6resundi v\u00e4inas merepatrulli k\u00e4igus kahtlast drooni. Seepeale rakendasid kaitsej\u00f5ud vastumeetmeid, et drooni t\u00f6\u00f6d h\u00e4irida. Seej\u00e4rel kadus drooniga kontakt,&#8221; teatasid kaitsej\u00f5ud.<\/p>\n<p>Kaitsej\u00f5ud ei osanud esialgu \u00f6elda, mis droonist p\u00e4rast kontakti kaotamist sai. Samuti ei kinnitata kaitsej\u00f5ud ametlikult selle p\u00e4ritolu ega muid juhtunuga seotud \u00fcksikasju.\u00a0<\/p>\n<p>Rootsi kaitseminister P\u00e5l Jonson nentis siiski SVT-le, et droon oli t\u00f5en\u00e4oliselt p\u00e4rit Venemaalt.<\/p>\n<p>&#8220;T\u00f5en\u00e4oliselt on toimunud Rootsi \u00f5huruumi rikkumine drooni poolt ning see leidis aset ajal, mil \u00d6resundi v\u00e4inas viibis Vene s\u00f5jalaev. K\u00f5igi m\u00e4rkide kohaselt on selle laeva ja drooni vahel tugev seos,&#8221; s\u00f5nas kaitseminister.<\/p>\n<p>Kaitsej\u00f5udude teatel uusi droone m\u00e4rgatud ei ole ning praegu selgitatakse, kas tegemist oli juurdep\u00e4\u00e4su m\u00e4\u00e4ruse rikkumisega.<\/p>\n<p>&#8220;Kaitsej\u00f5ud uurivad praegu juurdep\u00e4\u00e4sureeglite rikkumist,&#8221; seisis kaitsej\u00f5udude pressiteates.<\/p>\n<p>Charles de Gaulle on maailma suurim tuumaj\u00f5ul liikuv lennukikandja v\u00e4ljaspool USA-d, selle pikkus on veidi \u00fcle 260 meetri. Laeva meeskonda kuulub tavaliselt paar tuhat meremeest ja s\u00f5jav\u00e4elast ning see kannab ligikaudu 30 h\u00e4vituslennukit.<\/p>\n","protected":false},"excerpt":{"rendered":"Rootsi ringh\u00e4\u00e4lingu SVT andmetel l\u00e4henes Vene droon Malm\u00f6s viibivale Prantsuse lennukikandjale Charles de Gaulle. Rootsi kaitsej\u00f5ud teatasid drooni&hellip;\n","protected":false},"author":2,"featured_media":117341,"comment_status":"","ping_status":"","sticky":false,"template":"","format":"standard","meta":{"footnotes":"","_share_on_mastodon":"0"},"categories":[5],"tags":[26,27,404,37,33,35,34,36,31,32,21,28,29,14508,54865,14534,19,25,52,889,23,24,22,20,96,30],"class_list":["post-117340","post","type-post","status-publish","format-standard","has-post-thumbnail","category-uldised-uudised","tag-breaking-news","tag-breakingnews","tag-droon","tag-ee","tag-eesti","tag-eesti-keel","tag-estonia","tag-estonian","tag-featured-news","tag-featurednews","tag-headlines","tag-latest-news","tag-latestnews","tag-lennukikandja","tag-lennukikandja-charles-de-gaulle","tag-malmo","tag-news","tag-populaarseimad-lood","tag-prantsusmaa","tag-rootsi","tag-top-stories","tag-topstories","tag-uldised-uudised","tag-uudised","tag-venemaa","tag-viimased-uudised"],"share_on_mastodon":{"url":"https:\/\/pubeurope.com\/@ee\/116143392202038896","error":""},"_links":{"self":[{"href":"https:\/\/www.europesays.com\/ee\/wp-json\/wp\/v2\/posts\/117340","targetHints":{"allow":["GET"]}}],"collection":[{"href":"https:\/\/www.europesays.com\/ee\/wp-json\/wp\/v2\/posts"}],"about":[{"href":"https:\/\/www.europesays.com\/ee\/wp-json\/wp\/v2\/types\/post"}],"author":[{"embeddable":true,"href":"https:\/\/www.europesays.com\/ee\/wp-json\/wp\/v2\/users\/2"}],"replies":[{"embeddable":true,"href":"https:\/\/www.europesays.com\/ee\/wp-json\/wp\/v2\/comments?post=117340"}],"version-history":[{"count":0,"href":"https:\/\/www.europesays.com\/ee\/wp-json\/wp\/v2\/posts\/117340\/revisions"}],"wp:featuredmedia":[{"embeddable":true,"href":"https:\/\/www.europesays.com\/ee\/wp-json\/wp\/v2\/media\/117341"}],"wp:attachment":[{"href":"https:\/\/www.europesays.com\/ee\/wp-json\/wp\/v2\/media?parent=117340"}],"wp:term":[{"taxonomy":"category","embeddable":true,"href":"https:\/\/www.europesays.com\/ee\/wp-json\/wp\/v2\/categories?post=117340"},{"taxonomy":"post_tag","embeddable":true,"href":"https:\/\/www.europesays.com\/ee\/wp-json\/wp\/v2\/tags?post=117340"}],"curies":[{"name":"wp","href":"https:\/\/api.w.org\/{rel}","templated":true}]}}