{"id":117436,"date":"2026-02-27T17:49:06","date_gmt":"2026-02-27T17:49:06","guid":{"rendered":"https:\/\/www.europesays.com\/ee\/117436\/"},"modified":"2026-02-27T17:49:06","modified_gmt":"2026-02-27T17:49:06","slug":"milanos-soitis-tramm-roobastelt-maha-hukkus-uks-inimene-ja-kumned-said-vigastada","status":"publish","type":"post","link":"https:\/\/www.europesays.com\/ee\/117436\/","title":{"rendered":"Milanos s\u00f5itis tramm r\u00f6\u00f6bastelt maha, hukkus \u00fcks inimene ja k\u00fcmned said vigastada"},"content":{"rendered":"<p>\u00d5nnetus leidis aset Milano kesklinnas kohaliku aja j\u00e4rgi kell 16. Trammis viibinud inimesed kirjeldasid, et s\u00f5iduki alt oli kosta m\u00fcra, enne kui see teelt k\u00f5rvale kaldus, kogus kiirust ja s\u00f5itis vastu hoonet.<\/p>\n<p>S\u00fcndmusele reageeris politsei ning kohale saadeti ka arvukalt kiirabiautosid ja tulet\u00f5rjujaid. M\u00f5nede teadete kohaselt j\u00e4i trammi alla l\u00f5ksu mitu inimest.<\/p>\n<p>\u00d5nnetuse p\u00f5hjuseid uuritakse, kuid esialgsed meediateated viitavad, et p\u00f5hjuseks v\u00f5is olla kiirus.<\/p>\n<p>Teadaolevalt osales \u00f5nnetuses alles hiljuti Milanos kasutusele v\u00f5etud trammimudel, millel on juhikabiin s\u00f5iduki m\u00f5lemas otsas, et v\u00f5imaldada trammil vajadusel suuna muuta.<\/p>\n<p>Kuidas see lugu Sind end tundma pani? Saada <a href=\"https:\/\/www.delfi.ee\/artikkel\/120439224\/milanos-soitis-tramm-roobastelt-maha-hukkus-uks-inimene-ja-kumned-said-vigastada\/kommentaarid\" class=\"article-body-bottom__comment article-body-bottom__comment--write button button--primary button--size-auto\" rel=\"nofollow noopener\" target=\"_blank\"> Kommenteeri <\/a><a href=\"https:\/\/www.delfi.ee\/artikkel\/120439224\/milanos-soitis-tramm-roobastelt-maha-hukkus-uks-inimene-ja-kumned-said-vigastada\/kommentaarid\" class=\"article-body-bottom__comment article-body-bottom__comment--read button button--size-auto\" rel=\"nofollow noopener\" target=\"_blank\"> Loe kommentaare <\/a><\/p>\n","protected":false},"excerpt":{"rendered":"\u00d5nnetus leidis aset Milano kesklinnas kohaliku aja j\u00e4rgi kell 16. Trammis viibinud inimesed kirjeldasid, et s\u00f5iduki alt oli&hellip;\n","protected":false},"author":2,"featured_media":117437,"comment_status":"","ping_status":"","sticky":false,"template":"","format":"standard","meta":{"footnotes":"","_share_on_mastodon":"0"},"categories":[80],"tags":[26,27,37,33,35,34,36,31,32,21,109,28,29,95,3335,19,25,23,24,22,20,30,92,93,94],"class_list":["post-117436","post","type-post","status-publish","format-standard","has-post-thumbnail","category-maailm","tag-breaking-news","tag-breakingnews","tag-ee","tag-eesti","tag-eesti-keel","tag-estonia","tag-estonian","tag-featured-news","tag-featurednews","tag-headlines","tag-itaalia","tag-latest-news","tag-latestnews","tag-maailm","tag-milano","tag-news","tag-populaarseimad-lood","tag-top-stories","tag-topstories","tag-uldised-uudised","tag-uudised","tag-viimased-uudised","tag-world","tag-world-news","tag-worldnews"],"share_on_mastodon":{"url":"https:\/\/pubeurope.com\/@ee\/116143860228154572","error":""},"_links":{"self":[{"href":"https:\/\/www.europesays.com\/ee\/wp-json\/wp\/v2\/posts\/117436","targetHints":{"allow":["GET"]}}],"collection":[{"href":"https:\/\/www.europesays.com\/ee\/wp-json\/wp\/v2\/posts"}],"about":[{"href":"https:\/\/www.europesays.com\/ee\/wp-json\/wp\/v2\/types\/post"}],"author":[{"embeddable":true,"href":"https:\/\/www.europesays.com\/ee\/wp-json\/wp\/v2\/users\/2"}],"replies":[{"embeddable":true,"href":"https:\/\/www.europesays.com\/ee\/wp-json\/wp\/v2\/comments?post=117436"}],"version-history":[{"count":0,"href":"https:\/\/www.europesays.com\/ee\/wp-json\/wp\/v2\/posts\/117436\/revisions"}],"wp:featuredmedia":[{"embeddable":true,"href":"https:\/\/www.europesays.com\/ee\/wp-json\/wp\/v2\/media\/117437"}],"wp:attachment":[{"href":"https:\/\/www.europesays.com\/ee\/wp-json\/wp\/v2\/media?parent=117436"}],"wp:term":[{"taxonomy":"category","embeddable":true,"href":"https:\/\/www.europesays.com\/ee\/wp-json\/wp\/v2\/categories?post=117436"},{"taxonomy":"post_tag","embeddable":true,"href":"https:\/\/www.europesays.com\/ee\/wp-json\/wp\/v2\/tags?post=117436"}],"curies":[{"name":"wp","href":"https:\/\/api.w.org\/{rel}","templated":true}]}}