{"id":117541,"date":"2026-02-27T20:34:10","date_gmt":"2026-02-27T20:34:10","guid":{"rendered":"https:\/\/www.europesays.com\/ee\/117541\/"},"modified":"2026-02-27T20:34:10","modified_gmt":"2026-02-27T20:34:10","slug":"sojapaevik-1465-paev-venemaa-elamisloa-saamiseks-tuleb-nuud-sotta-minna-eesti-ekspress","status":"publish","type":"post","link":"https:\/\/www.europesays.com\/ee\/117541\/","title":{"rendered":"S\u00d5JAP\u00c4EVIK (1465. p\u00e4ev) | Venemaa elamisloa saamiseks tuleb n\u00fc\u00fcd s\u00f5tta minna &#8211; Eesti Ekspress"},"content":{"rendered":"<ol>\n<li><a href=\"https:\/\/news.google.com\/rss\/articles\/CBMisgFBVV95cUxPQjFvb0hHZnpNb0FvcEVfWTYwT01IMTNOeHpIbTFGaWpsMDF4aDVyWU41eFJqR2gyZEpVd1lMSHVFT2JUYmRfRDZMa1VhcURoV3loSUtpZk9iUDNwQmJ5ajVXRV9tS081UW9sSGhFQzNZcnVyVURLbS1ITUxvM2lGbUExZnlkcjNBeUhVSERPeGwyY3F6bjN0ZnlhRHlObUFRSkh0bm8yRFVhMXYzZ0xKVllB?oc=5\" target=\"_blank\" rel=\"nofollow noopener\">S\u00d5JAP\u00c4EVIK (1465. p\u00e4ev) | Venemaa elamisloa saamiseks tuleb n\u00fc\u00fcd s\u00f5tta minna<\/a>&nbsp;&nbsp;Eesti Ekspress<\/li>\n<li><a href=\"https:\/\/news.google.com\/rss\/articles\/CBMiowFBVV95cUxQWmZHbHlrQ1dvY0R5RnRyT05UU1kxZUdxRFJaRGtoYnRreXdXaFl3MDhUX0ZPekdLLTFkUU4tT2JBZFdUMThTNVVtQWk2d3lUWEhRNHhPNEF6X2pnbXFHMXZhbjZYZVNiYml6UHN5SjRIajNtSDViTVZEMDhZUHNZZUh0RDJQV3dJbEdKVFpfTzNQQXNQMDlPWUpaMHRRMTljR2l3?oc=5\" target=\"_blank\" rel=\"nofollow noopener\">Zelensk\u00f5i s\u00f5nul ei kavatse Venemaa territoriaalk\u00fcsimuses j\u00e4rele anda<\/a>&nbsp;&nbsp;Postimees<\/li>\n<li><a href=\"https:\/\/news.google.com\/rss\/articles\/CBMilgFBVV95cUxPV2IwNWVhVVpleEVDVzRrOFlETHEwaGR3X3NaQi15UW44RzN4VXNyMzlGWExyWXg0N3F5UHlMYm11RlZaU0hIb0ZHMFBYSDVvSXA4Z2RTSEpVanM1aF9sbDJ2VjIzSkVRQnBkRnNHYU5LTVZhYkkzSDFiSUtUcVpYWlZ4emhLVXhweUZxT0hqS1A1ZmFYNXc?oc=5\" target=\"_blank\" rel=\"nofollow noopener\">S\u00f5ja \u00fclevaade: 1464. p\u00e4ev \u2013 vene pool l\u00fckkas tihedama konveieri k\u00e4ima<\/a>&nbsp;&nbsp;L\u00f5unaeestlane<\/li>\n<li><a href=\"https:\/\/news.google.com\/rss\/articles\/CBMid0FVX3lxTE0xUjNWUTl4ZGx0ZGljOXdQVjVtNVJZUGpGUERUemxQLWgzMjBJSlA1emJ6eXJ3b2x6eDZrczVEXzZTS2dlOXZQM2VfLTNRWDVIaEo2U3QxTm9udi1CSFF0bTBSX3JNMktZWFRVSHduT0hIeVRHTzFR?oc=5\" target=\"_blank\" rel=\"nofollow noopener\">OTSEBLOGI | Moskvas tapeti politseinik<\/a>&nbsp;&nbsp;\u00d5htuleht<\/li>\n<li><a href=\"https:\/\/news.google.com\/rss\/articles\/CBMiwAFBVV95cUxPZ3FlUVRTR0wxQkdoaE94SnpNZ1A4WjE1enR2eG4xRzl3ZlJwTzJHLUtIRFZNT2I3ODR4X0RRSFJXRTRFcHBEUjBBcWJIdTk5aFNKT0dmV2c3S2o5VV9haGZkQW51WVZPTmJtUHpYZjFORXdNUWM1UWxFN2hwdHVmTnBmVG11NWJ2ekptUVJvVnhudnMyZURMbDU5WWZCdHY5d3JZWDQ5NHdBWmJ5WmV0TWthT3ZiYW8xS2M1WGhhRmw?oc=5\" target=\"_blank\" rel=\"nofollow noopener\">BLOGI | 420 drooni ja 39 raketti: Venemaa korraldas taas Ukraina tavaelanike pihta massr\u00fcnnaku<\/a>&nbsp;&nbsp;\u00d5htuleht<\/li>\n<\/ol>\n","protected":false},"excerpt":{"rendered":"S\u00d5JAP\u00c4EVIK (1465. p\u00e4ev) | Venemaa elamisloa saamiseks tuleb n\u00fc\u00fcd s\u00f5tta minna&nbsp;&nbsp;Eesti Ekspress Zelensk\u00f5i s\u00f5nul ei kavatse Venemaa territoriaalk\u00fcsimuses&hellip;\n","protected":false},"author":2,"featured_media":117542,"comment_status":"","ping_status":"","sticky":false,"template":"","format":"standard","meta":{"footnotes":"","_share_on_mastodon":"0"},"categories":[80],"tags":[5554,26,27,37,33,5551,35,5552,34,36,31,32,5555,21,28,29,95,19,5557,5553,25,5556,23,24,22,20,30,92,93,94],"class_list":["post-117541","post","type-post","status-publish","format-standard","has-post-thumbnail","category-maailm","tag-areen","tag-breaking-news","tag-breakingnews","tag-ee","tag-eesti","tag-eesti-ekspress","tag-eesti-keel","tag-ekspress","tag-estonia","tag-estonian","tag-featured-news","tag-featurednews","tag-flash","tag-headlines","tag-latest-news","tag-latestnews","tag-maailm","tag-news","tag-onne-valem","tag-persoon","tag-populaarseimad-lood","tag-sahinad","tag-top-stories","tag-topstories","tag-uldised-uudised","tag-uudised","tag-viimased-uudised","tag-world","tag-world-news","tag-worldnews"],"share_on_mastodon":{"url":"https:\/\/pubeurope.com\/@ee\/116144509118528582","error":""},"_links":{"self":[{"href":"https:\/\/www.europesays.com\/ee\/wp-json\/wp\/v2\/posts\/117541","targetHints":{"allow":["GET"]}}],"collection":[{"href":"https:\/\/www.europesays.com\/ee\/wp-json\/wp\/v2\/posts"}],"about":[{"href":"https:\/\/www.europesays.com\/ee\/wp-json\/wp\/v2\/types\/post"}],"author":[{"embeddable":true,"href":"https:\/\/www.europesays.com\/ee\/wp-json\/wp\/v2\/users\/2"}],"replies":[{"embeddable":true,"href":"https:\/\/www.europesays.com\/ee\/wp-json\/wp\/v2\/comments?post=117541"}],"version-history":[{"count":0,"href":"https:\/\/www.europesays.com\/ee\/wp-json\/wp\/v2\/posts\/117541\/revisions"}],"wp:featuredmedia":[{"embeddable":true,"href":"https:\/\/www.europesays.com\/ee\/wp-json\/wp\/v2\/media\/117542"}],"wp:attachment":[{"href":"https:\/\/www.europesays.com\/ee\/wp-json\/wp\/v2\/media?parent=117541"}],"wp:term":[{"taxonomy":"category","embeddable":true,"href":"https:\/\/www.europesays.com\/ee\/wp-json\/wp\/v2\/categories?post=117541"},{"taxonomy":"post_tag","embeddable":true,"href":"https:\/\/www.europesays.com\/ee\/wp-json\/wp\/v2\/tags?post=117541"}],"curies":[{"name":"wp","href":"https:\/\/api.w.org\/{rel}","templated":true}]}}