{"id":117601,"date":"2026-02-27T22:35:07","date_gmt":"2026-02-27T22:35:07","guid":{"rendered":"https:\/\/www.europesays.com\/ee\/117601\/"},"modified":"2026-02-27T22:35:07","modified_gmt":"2026-02-27T22:35:07","slug":"tarmo-linnas-kaplan-kes-armastab-kasse-ja-punki","status":"publish","type":"post","link":"https:\/\/www.europesays.com\/ee\/117601\/","title":{"rendered":"Tarmo Linnas. Kaplan, kes armastab kasse ja punki"},"content":{"rendered":"<p>Tarmo esivanematest on \u00fcks lausa j\u00e4rvele nime andnud. Linnase Tanno olla olnud Mauri k\u00fcla j\u00f5ukamaid mehi. K\u00e4inud ringi, valge kasukas seljas. Oli see uhkus, mis ajas mehe upakile ja siis uputas? \u00dche lapse ristsetel joodeti Tanno purju ja k\u00fclamehed uputasid ta j\u00e4rvel j\u00e4\u00e4auku. Teke, mi\u00e4 tiit, a mu valg\u00f5d kasukad \u00e4r\u00e4 \u00e4r h\u00e4mm\u00e4gu. Tehke, mis teete, aga \u00e4rge mu valget kasukat m\u00e4rjaks tehke! N\u00f5nda sai Linnasj\u00e4rv nime.<\/p>\n<p>Tarmo ise kasvas Tartus, mitte m\u00e4gedes. P\u00e4ris alguses oli koduks Salme t\u00e4nava k\u00f6\u00f6ktuba. Sinna mahutasid end elama vanaisa, vanaema, isa, ema, Tarmo ja tema \u00f5de. Vanaisa t\u00f6\u00f6tas lihakombinaadis. Kaks korda kuus olid lihap\u00e4evad. Siis said t\u00f6\u00f6tajad endale liha osta. Elu edenes. Pere kolis Struwe t\u00e4navale. J\u00f5uluvanad ei k\u00e4inud sellel ajal Eestis ringi, v\u00f5i kui, siis salaja. N\u00e4\u00e4rivana t\u00f5i neljasele Tarmole pl\u00fc\u00fcskassi. Vajutad kassi k\u00f5hule \u2013 n\u00e4ub. \u00d5nnelik Tarmo jooksis, kass s\u00fcles, tagatuppa. Komistas ja lendas peaga peeglikapi klaasist ruutudega ukse sisse. Traumapunkt. J\u00e4tke see s\u00f5na meelde. Me veel meenutame seda.<\/p>\n","protected":false},"excerpt":{"rendered":"Tarmo esivanematest on \u00fcks lausa j\u00e4rvele nime andnud. Linnase Tanno olla olnud Mauri k\u00fcla j\u00f5ukamaid mehi. K\u00e4inud ringi,&hellip;\n","protected":false},"author":2,"featured_media":117602,"comment_status":"","ping_status":"","sticky":false,"template":"","format":"standard","meta":{"footnotes":"","_share_on_mastodon":"0"},"categories":[80],"tags":[26,27,37,33,35,34,36,31,32,21,54970,28,29,95,19,54972,25,8481,54971,54973,54975,54969,23,24,54974,22,20,30,92,93,94],"class_list":["post-117601","post","type-post","status-publish","format-standard","has-post-thumbnail","category-maailm","tag-breaking-news","tag-breakingnews","tag-ee","tag-eesti","tag-eesti-keel","tag-estonia","tag-estonian","tag-featured-news","tag-featurednews","tag-headlines","tag-kaplan","tag-latest-news","tag-latestnews","tag-maailm","tag-news","tag-onu-bella-ja-oorahu","tag-populaarseimad-lood","tag-punk","tag-punkmuusika","tag-ruutli-kelder","tag-streptococcus-pyogenes","tag-tarmo-linnas","tag-top-stories","tag-topstories","tag-traumapunkt","tag-uldised-uudised","tag-uudised","tag-viimased-uudised","tag-world","tag-world-news","tag-worldnews"],"share_on_mastodon":{"url":"https:\/\/pubeurope.com\/@ee\/116144984705290676","error":""},"_links":{"self":[{"href":"https:\/\/www.europesays.com\/ee\/wp-json\/wp\/v2\/posts\/117601","targetHints":{"allow":["GET"]}}],"collection":[{"href":"https:\/\/www.europesays.com\/ee\/wp-json\/wp\/v2\/posts"}],"about":[{"href":"https:\/\/www.europesays.com\/ee\/wp-json\/wp\/v2\/types\/post"}],"author":[{"embeddable":true,"href":"https:\/\/www.europesays.com\/ee\/wp-json\/wp\/v2\/users\/2"}],"replies":[{"embeddable":true,"href":"https:\/\/www.europesays.com\/ee\/wp-json\/wp\/v2\/comments?post=117601"}],"version-history":[{"count":0,"href":"https:\/\/www.europesays.com\/ee\/wp-json\/wp\/v2\/posts\/117601\/revisions"}],"wp:featuredmedia":[{"embeddable":true,"href":"https:\/\/www.europesays.com\/ee\/wp-json\/wp\/v2\/media\/117602"}],"wp:attachment":[{"href":"https:\/\/www.europesays.com\/ee\/wp-json\/wp\/v2\/media?parent=117601"}],"wp:term":[{"taxonomy":"category","embeddable":true,"href":"https:\/\/www.europesays.com\/ee\/wp-json\/wp\/v2\/categories?post=117601"},{"taxonomy":"post_tag","embeddable":true,"href":"https:\/\/www.europesays.com\/ee\/wp-json\/wp\/v2\/tags?post=117601"}],"curies":[{"name":"wp","href":"https:\/\/api.w.org\/{rel}","templated":true}]}}