{"id":117661,"date":"2026-02-28T01:54:22","date_gmt":"2026-02-28T01:54:22","guid":{"rendered":"https:\/\/www.europesays.com\/ee\/117661\/"},"modified":"2026-02-28T01:54:22","modified_gmt":"2026-02-28T01:54:22","slug":"parnu-linn-soovib-samuti-multihalli-endale-eesti","status":"publish","type":"post","link":"https:\/\/www.europesays.com\/ee\/117661\/","title":{"rendered":"P\u00e4rnu linn soovib samuti multihalli endale | Eesti"},"content":{"rendered":"<p>P\u00e4rnu linnavolikogu saatis esmasp\u00e4eval Eesti Ol\u00fcmpiakomiteele (EOK) p\u00f6\u00f6rdumise, milles avaldas valmisolekut rajada riiklikult t\u00e4htis multifunktsionaalne hall P\u00e4rnusse. Halli valmimist 2029. aasta korvpalli EM-iks loota ei tasu.<\/p>\n<p>Rahvakeeli multihallina tuntud ehitise rajamine pandi kirja ka EKRE, Keskerakonna, Parempoolsete ning valimisliidu S\u00fcdamega P\u00e4rnu ja P\u00e4rnu \u00dchendab vahelises P\u00e4rnu linna <a href=\"https:\/\/www.err.ee\/1609838835\/parnu-linnapeaks-saab-esialgu-kristel-voltenberg\" target=\"_blank\" rel=\"noopener nofollow\">koalitsioonileppes<\/a>.<\/p>\n<p>Linnavolikogu hinnangul peaks multihall paiknema P\u00e4rnus, sest see toetab regionaalset arengut. Lisaks n\u00e4eb volikogu, et Rail Balticu valmimisega asub P\u00e4rnu Tallinna ja Riia vahelises s\u00f5lmpunktis, olles \u00fchendusl\u00fcliks Euroopaga.<\/p>\n<p>EOK multihalli projektijuhi Helen Veerm\u00e4e s\u00f5nul tehti hiljuti koos riigikogu fraktsioonide, linnade ning kultuuriministeeriumi esindajatega \u00fchine visiit Soome, kus vaadeldi, kuidas multihalli \u00e4rimudel v\u00e4lja n\u00e4eb.<\/p>\n<p>Veerm\u00e4e s\u00f5nul peaks halli esimene projektiplaan valmima paari kuu jooksul, ent see ei sisalda veel ehitise t\u00e4pset asukohta. Sealt edasi on juba riigi otsustada, kus ja kuidas hall t\u00e4pselt ehitatakse.<\/p>\n<p>Projektijuhi hinnangul ei ole aga enam m\u00f5tet loota, et multihall valmiks 2029. aasta korvpalli EM-iks.<\/p>\n<p>&#8220;K\u00f5ige kiiremalt saaks hall valmida viie aastaga, see eeldab, et protsessi jooksul teevad k\u00f5ik osapooled koost\u00f6\u00f6d ning asi sujub. Ise loodan, et see v\u00f5iks valmida seitsme aastaga, ent Tampere Nokia halli ehitamiseks l\u00e4ks n\u00e4iteks 12\u201313 aastat,&#8221; selgitas Veerm\u00e4e.<\/p>\n<p>Varem on superhalli asukoha \u00fcle k\u00e4inud terav vaidlus, sest nii Tallinn kui ka Tartu on sellest huvitatud olnud.<\/p>\n<p>Riigikogu liige Tanel Tein (Eesti 200), kes multihalli projekti juba 2014. aastast vedanud, on varem r\u00e4\u00e4kinud, et hall tuleks ehitada Tartusse, sest see toetaks regionaalset arengut.<\/p>\n<p>&#8220;S\u00f5num, mis \u00fctleb, et Tartus toimub tulevikus suuri asju, s\u00f5num, mis \u00e4rgitab rajama juurde hotellikohti, s\u00f5num, mis j\u00e4tab Tartusse elama rohkem inimesi, kuna k\u00f5ik saavad aru, et Tartu ja L\u00f5una-Eesti piirkonda tuleb tugevasti juurde majanduslikke v\u00f5imalusi,&#8221; selgitas riigikogulane<a href=\"https:\/\/www.err.ee\/1609708161\/uue-suururituste-hoone-asukoha-ule-kaib-tuline-arutelu\" target=\"_blank\" rel=\"noopener nofollow\"> eelmise aasta mais<\/a>.<\/p>\n<p>Ka Tartus Isamaa ja Reformierakonna vahel s\u00f5lmitud <a href=\"https:\/\/www.err.ee\/1609857036\/isamaa-ja-reformierakond-solmisid-tartus-voimuleppe\" target=\"_blank\" rel=\"noopener nofollow\">koalitsioonileppes<\/a> seisab, et &#8220;tehakse koost\u00f6\u00f6d riigiga v\u00f5imaliku multihalli rajamiseks Tartusse&#8221;.<\/p>\n<p>Endine Tallinna abilinnapea Kaarel Oja (SDE) s\u00f5nas samuti mais, et multihalli peaks siiski rajama Tallinnasse.<\/p>\n<p>Veel toona leidis Oja, et teoreetiliselt oleks v\u00f5imalik luua uus multihall juba 2029. aasta korvpalli EM-iks. Seda juhul, kui see v\u00f5etaks prioriteediks.<\/p>\n<p>Samas mullu detsembris Isamaa ja Keskerakonna vahel s\u00f5lmitud <a href=\"https:\/\/www.err.ee\/1609872657\/loe-taismahus-tallinna-koalitsioonileping\" target=\"_blank\" rel=\"noopener nofollow\">Tallinna koalitsioonilepingus<\/a> ei ole multihallist s\u00f5nagi.<\/p>\n","protected":false},"excerpt":{"rendered":"P\u00e4rnu linnavolikogu saatis esmasp\u00e4eval Eesti Ol\u00fcmpiakomiteele (EOK) p\u00f6\u00f6rdumise, milles avaldas valmisolekut rajada riiklikult t\u00e4htis multifunktsionaalne hall P\u00e4rnusse. Halli&hellip;\n","protected":false},"author":2,"featured_media":117662,"comment_status":"","ping_status":"","sticky":false,"template":"","format":"standard","meta":{"footnotes":"","_share_on_mastodon":"0"},"categories":[12],"tags":[26,27,37,33,35,2247,34,36,31,32,21,18597,19097,5750,28,29,5970,19,1421,25,2130,10598,249,23,24,22,20,30],"class_list":["post-117661","post","type-post","status-publish","format-standard","has-post-thumbnail","category-eesti","tag-breaking-news","tag-breakingnews","tag-ee","tag-eesti","tag-eesti-keel","tag-eok","tag-estonia","tag-estonian","tag-featured-news","tag-featurednews","tag-headlines","tag-helen-veermae","tag-kaarel-oja","tag-korvpalli-em-2029","tag-latest-news","tag-latestnews","tag-multihall","tag-news","tag-parnu","tag-populaarseimad-lood","tag-tallinn","tag-tanel-tein","tag-tartu","tag-top-stories","tag-topstories","tag-uldised-uudised","tag-uudised","tag-viimased-uudised"],"share_on_mastodon":{"url":"https:\/\/pubeurope.com\/@ee\/116145767198374119","error":""},"_links":{"self":[{"href":"https:\/\/www.europesays.com\/ee\/wp-json\/wp\/v2\/posts\/117661","targetHints":{"allow":["GET"]}}],"collection":[{"href":"https:\/\/www.europesays.com\/ee\/wp-json\/wp\/v2\/posts"}],"about":[{"href":"https:\/\/www.europesays.com\/ee\/wp-json\/wp\/v2\/types\/post"}],"author":[{"embeddable":true,"href":"https:\/\/www.europesays.com\/ee\/wp-json\/wp\/v2\/users\/2"}],"replies":[{"embeddable":true,"href":"https:\/\/www.europesays.com\/ee\/wp-json\/wp\/v2\/comments?post=117661"}],"version-history":[{"count":0,"href":"https:\/\/www.europesays.com\/ee\/wp-json\/wp\/v2\/posts\/117661\/revisions"}],"wp:featuredmedia":[{"embeddable":true,"href":"https:\/\/www.europesays.com\/ee\/wp-json\/wp\/v2\/media\/117662"}],"wp:attachment":[{"href":"https:\/\/www.europesays.com\/ee\/wp-json\/wp\/v2\/media?parent=117661"}],"wp:term":[{"taxonomy":"category","embeddable":true,"href":"https:\/\/www.europesays.com\/ee\/wp-json\/wp\/v2\/categories?post=117661"},{"taxonomy":"post_tag","embeddable":true,"href":"https:\/\/www.europesays.com\/ee\/wp-json\/wp\/v2\/tags?post=117661"}],"curies":[{"name":"wp","href":"https:\/\/api.w.org\/{rel}","templated":true}]}}