{"id":118097,"date":"2026-02-28T14:19:10","date_gmt":"2026-02-28T14:19:10","guid":{"rendered":"https:\/\/www.europesays.com\/ee\/118097\/"},"modified":"2026-02-28T14:19:10","modified_gmt":"2026-02-28T14:19:10","slug":"hint-ja-wolfsburgi-noored-said-kolmanda-suureskoorilise-voidu-jarjest-soccernet-ee","status":"publish","type":"post","link":"https:\/\/www.europesays.com\/ee\/118097\/","title":{"rendered":"Hint ja Wolfsburgi noored said kolmanda suureskoorilise v\u00f5idu j\u00e4rjest &#8211; Soccernet.ee"},"content":{"rendered":"<p><img decoding=\"async\" src=\"https:\/\/www.europesays.com\/ee\/wp-content\/uploads\/2026\/02\/1772285879.jpg\" alt=\"Trevor Hint. Foto: N\u00f5mme United \/ Facebook\"\/>&#13;\n<\/p>\n<p>Trevor Hindi koduklubi Wolfsburg v\u00f5ttis Saksamaa U19 k\u00f5rgliiga A-tasandil kolmanda suureskoorilise kuiva v\u00f5idu j\u00e4rjest.<\/p>\n<p>Eelnevalt Dortmundi Borussiast 4:0 ja Kieli Holsteinist 8:0 jagu saanud Wolfsburgi noored alistasid t\u00e4na Augsburgi 5:0. Hint sekkus vahetusest 67. minutil, mil eduseis oli neljav\u00e4ravaline.&#13;\n<\/p>\n<p>Kokkuv\u00f5ttes nelja kohtumisega \u00fcheksa punkti korjanud Wolfsburg hoiab hetkel kuueliikmelises B-alagrupis liidrikohta, kuid kahe punkti kaugusel varitseval l\u00e4himal j\u00e4litajal Heidenheimil on \u00fcks m\u00e4ng varuks. Kaheksandikfinaali p\u00e4\u00e4seb igast alagrupist neli v\u00f5istkonda.<\/p>\n","protected":false},"excerpt":{"rendered":"&#13; Trevor Hindi koduklubi Wolfsburg v\u00f5ttis Saksamaa U19 k\u00f5rgliiga A-tasandil kolmanda suureskoorilise kuiva v\u00f5idu j\u00e4rjest. Eelnevalt Dortmundi Borussiast&hellip;\n","protected":false},"author":2,"featured_media":118098,"comment_status":"","ping_status":"","sticky":false,"template":"","format":"standard","meta":{"footnotes":"","_share_on_mastodon":"0"},"categories":[18],"tags":[55175,37,33,35,34,36,5032,159,158,922,1712,5034],"class_list":["post-118097","post","type-post","status-publish","format-standard","has-post-thumbnail","category-sport","tag-augsburg-u19","tag-ee","tag-eesti","tag-eesti-keel","tag-estonia","tag-estonian","tag-hint","tag-sport","tag-sports","tag-trevor-hint","tag-wolfsburg","tag-wolfsburg-u19"],"share_on_mastodon":{"url":"https:\/\/pubeurope.com\/@ee\/116148696783698834","error":""},"_links":{"self":[{"href":"https:\/\/www.europesays.com\/ee\/wp-json\/wp\/v2\/posts\/118097","targetHints":{"allow":["GET"]}}],"collection":[{"href":"https:\/\/www.europesays.com\/ee\/wp-json\/wp\/v2\/posts"}],"about":[{"href":"https:\/\/www.europesays.com\/ee\/wp-json\/wp\/v2\/types\/post"}],"author":[{"embeddable":true,"href":"https:\/\/www.europesays.com\/ee\/wp-json\/wp\/v2\/users\/2"}],"replies":[{"embeddable":true,"href":"https:\/\/www.europesays.com\/ee\/wp-json\/wp\/v2\/comments?post=118097"}],"version-history":[{"count":0,"href":"https:\/\/www.europesays.com\/ee\/wp-json\/wp\/v2\/posts\/118097\/revisions"}],"wp:featuredmedia":[{"embeddable":true,"href":"https:\/\/www.europesays.com\/ee\/wp-json\/wp\/v2\/media\/118098"}],"wp:attachment":[{"href":"https:\/\/www.europesays.com\/ee\/wp-json\/wp\/v2\/media?parent=118097"}],"wp:term":[{"taxonomy":"category","embeddable":true,"href":"https:\/\/www.europesays.com\/ee\/wp-json\/wp\/v2\/categories?post=118097"},{"taxonomy":"post_tag","embeddable":true,"href":"https:\/\/www.europesays.com\/ee\/wp-json\/wp\/v2\/tags?post=118097"}],"curies":[{"name":"wp","href":"https:\/\/api.w.org\/{rel}","templated":true}]}}