{"id":118201,"date":"2026-02-28T17:04:08","date_gmt":"2026-02-28T17:04:08","guid":{"rendered":"https:\/\/www.europesays.com\/ee\/118201\/"},"modified":"2026-02-28T17:04:08","modified_gmt":"2026-02-28T17:04:08","slug":"vagev-st-pauli-ja-werder-noppisid-voidu-kahju-mets-piirdus-avapoolajaga-hein-taas-pingil-soccernet-ee","status":"publish","type":"post","link":"https:\/\/www.europesays.com\/ee\/118201\/","title":{"rendered":"V\u00e4gev: St. Pauli ja Werder noppisid v\u00f5idu. Kahju: Mets piirdus avapoolajaga, Hein taas pingil &#8211; Soccernet.ee"},"content":{"rendered":"<p><img decoding=\"async\" src=\"https:\/\/www.europesays.com\/ee\/wp-content\/uploads\/2026\/02\/1772296003.jpg\" alt=\"Karol Mets tegi St. Pauli eest kaasa vaid avapoolaja. Foto: Scanpix \/ Grant Hubbs \/ imago images\"\/>&#13;\n<\/p>\n<p>Eesti meeste koondise tugitalade Karol Metsa ja Karl Jakob Heina koduklubid tundsid Bundesligas v\u00f5idumaitset, kui St. Pauli alistas 1:0 Hoffenheimi ja Bremeni Werder 2:0 Heidenheimi.<\/p>\n<p>St. Pauli ainus koll s\u00fcndis avapoolaja l\u00f5pus vastu m\u00e4ngu k\u00e4iku, kui neljandal \u00fcleminutil\u00a0liikus pall paremal \u00e4\u00e4rel olnud Manolis Saliakasele, kes paigutas m\u00f5\u00f5detud tsenderduse Mathias Lage peanupule, misj\u00e4rel Oliver Baumanni seljatagune sahises. Alates eelmise aasta novembri teisest poolest t\u00e4ism\u00e4nge teinud Mets vahetati sel korral vaheajal v\u00e4lja. Saksamaa meedia v\u00e4itel j\u00e4i Eesti kaitsja h\u00e4tta Hoffenheimi survega, mist\u00f5ttu tehti vahetus taktikalistel kaalutlustel.&#13;\n<\/p>\n<p>Werderi avatabamuse eest hoolitses 57. minutil Jovan Milo\u0161evic, kes koksas sisse Romano Schmidi kaarpalli. Pool tundi hiljem aitas kirsi tordile asetada Heidenheimi \u00e4\u00e4rem\u00e4ngija Hennes Behrens, kes proovis palli p\u00e4rast Frank Felleri t\u00f5rjet \u00fcle otsajoone klaarida, ent \u00f5nnetul kombel maandus kera puuris. Viimati mullu s\u00fcgisel platsil k\u00e4inud Hein j\u00e4lgis seda k\u00f5ike pingilt.&#13;\n<\/p>\n<p>Nii St. Pauli kui Werder tegid v\u00f5idu toel tabelis t\u00f5usu, kui Hamburgi tiim t\u00f5usis 15. kohale ja Bremeni v\u00f5istkond nende taha 16. reale, mis viiks nad hetkeseisul \u00fcleminekum\u00e4ngudele. Berliini Unionist 1:0 jagu saanud M\u00f6nchengladbach asub 12. kohal ja Mainziga 1:1 viigi teinud kahe aasta tagune t\u0161empion Leverkuseni Bayer kuuendal positsioonil.<\/p>\n","protected":false},"excerpt":{"rendered":"&#13; Eesti meeste koondise tugitalade Karol Metsa ja Karl Jakob Heina koduklubid tundsid Bundesligas v\u00f5idumaitset, kui St. Pauli&hellip;\n","protected":false},"author":2,"featured_media":118202,"comment_status":"","ping_status":"","sticky":false,"template":"","format":"standard","meta":{"footnotes":"","_share_on_mastodon":"0"},"categories":[18],"tags":[16302,527,37,33,35,34,36,531,532,533,536,5040,1709,537,5176,1711,159,158,1002,539],"class_list":["post-118201","post","type-post","status-publish","format-standard","has-post-thumbnail","category-sport","tag-berliini-union","tag-bundesliga","tag-ee","tag-eesti","tag-eesti-keel","tag-estonia","tag-estonian","tag-heidenheim","tag-hein","tag-hoffenheim","tag-karl-jakob-hein","tag-karol-mets","tag-leverkusen","tag-mainz","tag-mets","tag-monchengladbach","tag-sport","tag-sports","tag-st-pauli","tag-werder"],"share_on_mastodon":{"url":"https:\/\/pubeurope.com\/@ee\/116149345522674958","error":""},"_links":{"self":[{"href":"https:\/\/www.europesays.com\/ee\/wp-json\/wp\/v2\/posts\/118201","targetHints":{"allow":["GET"]}}],"collection":[{"href":"https:\/\/www.europesays.com\/ee\/wp-json\/wp\/v2\/posts"}],"about":[{"href":"https:\/\/www.europesays.com\/ee\/wp-json\/wp\/v2\/types\/post"}],"author":[{"embeddable":true,"href":"https:\/\/www.europesays.com\/ee\/wp-json\/wp\/v2\/users\/2"}],"replies":[{"embeddable":true,"href":"https:\/\/www.europesays.com\/ee\/wp-json\/wp\/v2\/comments?post=118201"}],"version-history":[{"count":0,"href":"https:\/\/www.europesays.com\/ee\/wp-json\/wp\/v2\/posts\/118201\/revisions"}],"wp:featuredmedia":[{"embeddable":true,"href":"https:\/\/www.europesays.com\/ee\/wp-json\/wp\/v2\/media\/118202"}],"wp:attachment":[{"href":"https:\/\/www.europesays.com\/ee\/wp-json\/wp\/v2\/media?parent=118201"}],"wp:term":[{"taxonomy":"category","embeddable":true,"href":"https:\/\/www.europesays.com\/ee\/wp-json\/wp\/v2\/categories?post=118201"},{"taxonomy":"post_tag","embeddable":true,"href":"https:\/\/www.europesays.com\/ee\/wp-json\/wp\/v2\/tags?post=118201"}],"curies":[{"name":"wp","href":"https:\/\/api.w.org\/{rel}","templated":true}]}}