{"id":118347,"date":"2026-02-28T21:08:16","date_gmt":"2026-02-28T21:08:16","guid":{"rendered":"https:\/\/www.europesays.com\/ee\/118347\/"},"modified":"2026-02-28T21:08:16","modified_gmt":"2026-02-28T21:08:16","slug":"valisministeerium-kutsub-eesti-kodanikke-iisraelist-lahkuma-ja-mujal-ettevaatusele-eesti","status":"publish","type":"post","link":"https:\/\/www.europesays.com\/ee\/118347\/","title":{"rendered":"V\u00e4lisministeerium kutsub Eesti kodanikke Iisraelist lahkuma ja mujal ettevaatusele | Eesti"},"content":{"rendered":"<p>Eesti v\u00e4lisministeerium soovitab seoses USA ja Iisraeli laup\u00e4eval alustatud s\u00f5jategevusega Iraani vastu Eesti kodanikel julgeolekuohu t\u00f5ttu Iisraelist lahkuda ning mitte reisida praegu ka teistesse regiooni riikidesse.<\/p>\n<p>&#8220;Soovitame Eesti kodanikel Iisraelist lahkuda kuni see on v\u00f5imalik,&#8221; \u00f6eldakse v\u00e4lisministeeriumi pressiteates, milles viidatakse, et laup\u00e4eval, 28. veebruaril alanud s\u00f5jategevusega seoses sulges Iisrael oma \u00f5huruumi m\u00e4\u00e4ramata ajaks. Samas Iisraeli maismaa piiripunktid Egiptuse ja Jordaaniaga on veel avatud, lisas v\u00e4lisministeerium.<\/p>\n<p>Hiljem tehtud sotsiaalmeediapostituses \u00fctles v\u00e4lisministeerium, et tulenevalt laup\u00e4eval alanud s\u00f5jategevusest Iisraeli, USA ja Iraani vahel, on mitmed L\u00e4his-Ida riigid sulgenud oma lennujaamad ja \u00f5huruumi. &#8220;Soovitame Eesti kodanikel sinna v\u00f5imalusel mitte reisida,&#8221; seisis postituses. \u00a0<\/p>\n<p>Samas kutsus ministeerium k\u00f5iki L\u00e4his-Idas viibivaid Eesti kodanikke registreerima oma l\u00fchiajaline viibimine <a href=\"https:\/\/reisitargalt.vm.ee\/registreeri-reis\/\" target=\"_blank\" rel=\"noopener nofollow\">v\u00e4lisministeeriumi kodulehel<\/a> v\u00f5i\u00a0e-aadressil konsul@mfa.ee. \u00a0\u00a0<\/p>\n<p>V\u00e4lisministeeriumi pressiesindaja \u00fctles laup\u00e4eval ERR-ile, et Araabia \u00dchendemiraatides asuvad eestlased on asunud v\u00e4ga aktiivselt registreeruma ning p\u00e4eva jooksul on endast teada andnud juba \u00fcle 200 Eesti kodaniku.<\/p>\n<p>Ministeerium palub regioonis viibivatel kodanikel olla t\u00e4helepanelik ja j\u00e4rgida kohalike ametiv\u00f5imude juhiseid, kuna kogu piirkonnas on k\u00f5rge raketioht.<\/p>\n<p>&#8220;Vajadusel otsige viivitamatult varjupaika l\u00e4himas turvalises hoones ning hoiduge akendest, ustest ja avatud aladest,&#8221; seisab soovituses.<\/p>\n<p>Iisraelis viibijatel soovitas ministeerium alla laadida\u00a0Tzofar \u2013\u00a0Red Alert mobiilirakenduse, mis saadab reaalajas teavitusi raketir\u00fcnnakutest.\u00a0<\/p>\n<p>&#8220;Lisateabe saamiseks soovitame tutvuda ka\u00a0Iisraeli kodanikukaitse\u00a0lehek\u00fcljel oleva infoga,&#8221; seisab v\u00e4lisministeeriumi laup\u00e4eval avaldatud teates.<\/p>\n<p>Selles selgitati, et raketiohu korral k\u00e4ivituvad Iisraelis sireenid ning nende heli kuuldes tuleks kohe liikuda varjendisse v\u00f5i siseruumides turvatuppa, kuhu sireeni l\u00f5ppemise j\u00e4rel tuleks j\u00e4\u00e4da veel v\u00e4hemalt k\u00fcmneks minutiks.<\/p>\n<p>&#8220;Kui te ei tea, kus asub l\u00e4him varjend, minge hoonesse sisse ning otsige akendeta trepikoda v\u00f5i keldrit. Kui piirkonnas pole hooneid, heitke maha ja katke pea k\u00e4tega. Kui s\u00f5idate autoga, peatage auto turvaliselt ja sisenege l\u00e4himasse hoonesse v\u00f5i lamage maas ja oodake 10 minutit,&#8221; \u00f5petas v\u00e4lisministeerium.<\/p>\n<p>Ministeeriumile teadaolevalt viibib Iisraelis l\u00fchiajaliselt alla k\u00fcmne Eesti kodaniku.<\/p>\n<p>Ministeerium r\u00f5hutas ka, et uuendab jooksvalt L\u00e4his-Ida regiooni olukorda kajastavat informatsiooni oma veebikonsuli lehel ja v\u00e4lisministeeriumi kodulehel.<br \/>Vajadusel saab konsulaarabi \u00f6\u00f6p\u00e4evaringsel h\u00e4daabi telefonil +372 5301 9999<\/p>\n","protected":false},"excerpt":{"rendered":"Eesti v\u00e4lisministeerium soovitab seoses USA ja Iisraeli laup\u00e4eval alustatud s\u00f5jategevusega Iraani vastu Eesti kodanikel julgeolekuohu t\u00f5ttu Iisraelist lahkuda&hellip;\n","protected":false},"author":2,"featured_media":118348,"comment_status":"","ping_status":"","sticky":false,"template":"","format":"standard","meta":{"footnotes":"","_share_on_mastodon":"0"},"categories":[80],"tags":[26,27,37,33,35,34,36,31,32,21,619,1925,8703,28,29,95,19,18382,25,23,24,3137,22,20,2486,30,92,93,94],"class_list":["post-118347","post","type-post","status-publish","format-standard","has-post-thumbnail","category-maailm","tag-breaking-news","tag-breakingnews","tag-ee","tag-eesti","tag-eesti-keel","tag-estonia","tag-estonian","tag-featured-news","tag-featurednews","tag-headlines","tag-iisrael","tag-iraan","tag-lahis-ida-konflikt","tag-latest-news","tag-latestnews","tag-maailm","tag-news","tag-ohurunnak","tag-populaarseimad-lood","tag-top-stories","tag-topstories","tag-turvalisus","tag-uldised-uudised","tag-uudised","tag-valisministeerium","tag-viimased-uudised","tag-world","tag-world-news","tag-worldnews"],"share_on_mastodon":{"url":"https:\/\/pubeurope.com\/@ee\/116150305013818779","error":""},"_links":{"self":[{"href":"https:\/\/www.europesays.com\/ee\/wp-json\/wp\/v2\/posts\/118347","targetHints":{"allow":["GET"]}}],"collection":[{"href":"https:\/\/www.europesays.com\/ee\/wp-json\/wp\/v2\/posts"}],"about":[{"href":"https:\/\/www.europesays.com\/ee\/wp-json\/wp\/v2\/types\/post"}],"author":[{"embeddable":true,"href":"https:\/\/www.europesays.com\/ee\/wp-json\/wp\/v2\/users\/2"}],"replies":[{"embeddable":true,"href":"https:\/\/www.europesays.com\/ee\/wp-json\/wp\/v2\/comments?post=118347"}],"version-history":[{"count":0,"href":"https:\/\/www.europesays.com\/ee\/wp-json\/wp\/v2\/posts\/118347\/revisions"}],"wp:featuredmedia":[{"embeddable":true,"href":"https:\/\/www.europesays.com\/ee\/wp-json\/wp\/v2\/media\/118348"}],"wp:attachment":[{"href":"https:\/\/www.europesays.com\/ee\/wp-json\/wp\/v2\/media?parent=118347"}],"wp:term":[{"taxonomy":"category","embeddable":true,"href":"https:\/\/www.europesays.com\/ee\/wp-json\/wp\/v2\/categories?post=118347"},{"taxonomy":"post_tag","embeddable":true,"href":"https:\/\/www.europesays.com\/ee\/wp-json\/wp\/v2\/tags?post=118347"}],"curies":[{"name":"wp","href":"https:\/\/api.w.org\/{rel}","templated":true}]}}