{"id":118363,"date":"2026-02-28T22:12:09","date_gmt":"2026-02-28T22:12:09","guid":{"rendered":"https:\/\/www.europesays.com\/ee\/118363\/"},"modified":"2026-02-28T22:12:09","modified_gmt":"2026-02-28T22:12:09","slug":"galerii-%e2%9f%a9-jaspar-vaher-sai-esimese-katsevoidu-ja-lopetas-ralli-wrc-soitja-jarel-teisena","status":"publish","type":"post","link":"https:\/\/www.europesays.com\/ee\/118363\/","title":{"rendered":"GALERII \u27e9 Jaspar Vaher sai esimese katsev\u00f5idu ja l\u00f5petas ralli WRC-s\u00f5itja j\u00e4rel teisena"},"content":{"rendered":"<p>Soome ralli meistriv\u00f5istlustel on talverallid selleks hooajaks l\u00e4bi. Toyota noorteprogrammis s\u00f5itev Kadrinast p\u00e4rit rallipiloot Jaspar Vaher tegi Riihim\u00e4ki rallil ideaalil\u00e4hedase tulemuse ja tuli Esapekka Lappi j\u00e4rel teiseks.<\/p>\n<p>Koos kaardilugeja Rait Janseniga alustati rallip\u00e4eva teise katseajaga, kaotust Lappile kogunes avakatsel 6,1 sekundit. Stabiilselt s\u00f5itnud l\u00e4\u00e4nevirulane l\u00f5petas ka j\u00e4rgmised neli katset teisena.<\/p>\n","protected":false},"excerpt":{"rendered":"Soome ralli meistriv\u00f5istlustel on talverallid selleks hooajaks l\u00e4bi. Toyota noorteprogrammis s\u00f5itev Kadrinast p\u00e4rit rallipiloot Jaspar Vaher tegi Riihim\u00e4ki&hellip;\n","protected":false},"author":2,"featured_media":118364,"comment_status":"","ping_status":"","sticky":false,"template":"","format":"standard","meta":{"footnotes":"","_share_on_mastodon":"0"},"categories":[18],"tags":[55205,37,33,35,34,36,55206,5116,43432,55204,2828,5118,36113,159,158,12943],"class_list":["post-118363","post","type-post","status-publish","format-standard","has-post-thumbnail","category-sport","tag-aleks-lesk","tag-ee","tag-eesti","tag-eesti-keel","tag-estonia","tag-estonian","tag-lappi","tag-patrick-enok","tag-rait-jansen","tag-ralf-joosep-nogene","tag-ralli","tag-silver-simm","tag-soome-meistrivoistlused","tag-sport","tag-sports","tag-vaher"],"share_on_mastodon":{"url":"https:\/\/pubeurope.com\/@ee\/116150556630703941","error":""},"_links":{"self":[{"href":"https:\/\/www.europesays.com\/ee\/wp-json\/wp\/v2\/posts\/118363","targetHints":{"allow":["GET"]}}],"collection":[{"href":"https:\/\/www.europesays.com\/ee\/wp-json\/wp\/v2\/posts"}],"about":[{"href":"https:\/\/www.europesays.com\/ee\/wp-json\/wp\/v2\/types\/post"}],"author":[{"embeddable":true,"href":"https:\/\/www.europesays.com\/ee\/wp-json\/wp\/v2\/users\/2"}],"replies":[{"embeddable":true,"href":"https:\/\/www.europesays.com\/ee\/wp-json\/wp\/v2\/comments?post=118363"}],"version-history":[{"count":0,"href":"https:\/\/www.europesays.com\/ee\/wp-json\/wp\/v2\/posts\/118363\/revisions"}],"wp:featuredmedia":[{"embeddable":true,"href":"https:\/\/www.europesays.com\/ee\/wp-json\/wp\/v2\/media\/118364"}],"wp:attachment":[{"href":"https:\/\/www.europesays.com\/ee\/wp-json\/wp\/v2\/media?parent=118363"}],"wp:term":[{"taxonomy":"category","embeddable":true,"href":"https:\/\/www.europesays.com\/ee\/wp-json\/wp\/v2\/categories?post=118363"},{"taxonomy":"post_tag","embeddable":true,"href":"https:\/\/www.europesays.com\/ee\/wp-json\/wp\/v2\/tags?post=118363"}],"curies":[{"name":"wp","href":"https:\/\/api.w.org\/{rel}","templated":true}]}}