{"id":118489,"date":"2026-03-01T07:02:06","date_gmt":"2026-03-01T07:02:06","guid":{"rendered":"https:\/\/www.europesays.com\/ee\/118489\/"},"modified":"2026-03-01T07:02:06","modified_gmt":"2026-03-01T07:02:06","slug":"iraani-voimutuhimik-kes-parib-ali-khamenei-usuriigi-valismaa","status":"publish","type":"post","link":"https:\/\/www.europesays.com\/ee\/118489\/","title":{"rendered":"Iraani v\u00f5imut\u00fchimik: kes p\u00e4rib Ali Khamenei usuriigi? | V\u00e4lismaa"},"content":{"rendered":"<p>Iraani islamivabariik on p\u00e4rast k\u00f5rgeima juhi Ali Khamenei surma astunud s\u00fcgava m\u00e4\u00e4ramatuse ajaj\u00e4rku, kus seni kindlana p\u00fcsinud s\u00fcsteemi ootab ees t\u00f5sine proovikivi. Riigi usulise juhi lahkumine on tekitanud poliitilise vaakumi, mida \u00fcritavad t\u00e4ita nii institutsioonid kui ka s\u00f5jav\u00e4estatud r\u00fchmitused, kirjutavad v\u00e4lismeedia anal\u00fc\u00fctikud.<\/p>\n<p>K\u00fcsimus sellest, kes suudab koondada enda k\u00e4tte sarnase autoriteedi nagu Khamenei, m\u00e4\u00e4rab mitte ainult Iraani tuleviku, vaid ka laiema piirkondliku stabiilsuse.<\/p>\n<p>Laup\u00e4evane r\u00fcnnak s\u00fcndis USA ja Iisraeli \u00fchisoperatsioonina p\u00e4rast seda, kui luureandmed viitasid haruldasele v\u00f5imalusele tabada Iraani tippjuhtkonda ja vaimulikkonda \u00fcheaegselt. Iisraeli \u00fcksused olid pikalt j\u00e4lginud Khamenei liikumist ning tuvastasid v\u00f5imaluste akna hetkel, kui liidrid olid kogunemas. USA presidendi Donald Trumpi otsust r\u00fcnnata kiirendas teadmine, et korraga on v\u00f5imalik neutraliseerida nii k\u00f5rgeim juht kui ka viis kuni k\u00fcmme muud Iraani tippliidrit.<\/p>\n<p>R\u00fcnnaku strateegiline eesm\u00e4rk oli re\u017eiimil &#8220;pea maha v\u00f5tmine&#8221;, mis tugines uskumusele, et kuigi revolutsiooniline kaardiv\u00e4gi (IRGC) on Khameneile \u00fcdini lojaalne, ei pruugi nad j\u00e4rgmisi j\u00e4reltulijaid samasuguse innuga toetada. Pinged eskaleerusid p\u00e4rast seda, kui Genfis toimunud l\u00e4bir\u00e4\u00e4kimised Iraani tuumaprogrammi ja ballistiliste rakettide \u00fcle jooksid liiva. USA ametnike s\u00f5nul keeldus Iraan j\u00e4rjekindlalt arutamast oma raketiarsenali, mida Valge Maja pidas talumatuks ohuks. Presidendi s\u00f5nul ei saanud USA lubada olukorda, kus Iraan toodab j\u00e4tkuvalt kuni sada raketti kuus.<\/p>\n<p>Ajutiselt hakkab juhtima trio<\/p>\n<p>Kuigi k\u00f5rgeim juht oli Iraani relvaj\u00f5udude \u00fclemjuhataja ning tal oli l\u00f5plik s\u00f5na\u00f5igus kohtuv\u00f5imu ja strateegiliste n\u00f5ukogude \u00fcle, ei toiminud tema v\u00f5im isolatsioonis. S\u00fcsteem toetub keerukale v\u00f5rgustikule, millest osa on nominaalselt valitavad ja osa m\u00e4\u00e4ratavad kogud. Vahetult p\u00e4rast juhi surma teatati \u00fcleminekuperioodi juhtkolmiku moodustamisest, kuhu kuuluvad president Masoud Pezeshkian, kohtuv\u00f5imu juht Gholamhossein Mohseni Ejei ja esindaja riigi \u00f5igusn\u00f5ukogust.<\/p>\n<p>See trio peab tagama riigi toimimise ajal, mil r\u00fcnnakute t\u00f5ttu on tabatud mitmeid strateegilisi objekte ja juhtivfiguure. Siiski on tegemist ajutise lahendusega. Iraani p\u00f5hiseaduse kohaselt lasub uue juhi valimise kohustus ekspertide kogul, kus p\u00f5rkuvad aga eri klannide ja huvigruppide ambitsioonid.<\/p>\n<p>Potentsiaalsed troonip\u00e4rijad: poeg v\u00f5i ustav liitlane<\/p>\n<p>\u00dcheks peamiseks soosikuks peetakse Khamenei poega, 56-aastast Mojtaba Khameneid. Tema positsioon on tugev t\u00e4nu l\u00e4hedastele sidemetele IRGC juhtkonnaga, mis on Iraani tegelik s\u00f5jaline ja majanduslik j\u00f5u\u00f5lg. Samas heidab tema kandidatuurile varju asjaolu, et p\u00e4riliku v\u00f5imu edasiandmine sarnaneks liigselt 1979. aastal kukutatud \u0161ahhi s\u00fcsteemiga. Lisaks on andmeid, et Mojtaba on kogunud varjatud kinnisvaraimpeeriumi, mille v\u00e4\u00e4rtus ulatub v\u00e4hemalt 100 miljoni euroni.<\/p>\n<p>Teine v\u00f5tmeisik on 67-aastane Ali Larijani, endine IRGC komand\u00f6r ja praegune riikliku julgeolekun\u00f5ukogu juht. Khamenei usaldas Larijanile juba jaanuaris protestide ajal sisuliselt riigi igap\u00e4evase juhtimise. Larijani esindab re\u017eiimi pragmaatilisemat tiiba, olles kogenud nii siseriikliku repressiooniaparaadi suunamises kui ka v\u00e4lispoliitilises strateegias.<\/p>\n<p>USA-l pole pikka plaani<\/p>\n<p>Suurim k\u00fcsimus seisneb selles, kas j\u00e4rgmine juht suudab saavutada sarnase v\u00f5imut\u00e4iuse nagu Khamenei. Iraani \u00fchiskond on alates 2022. aastast olnud korduvalt protestilainete k\u00fctkeis ning re\u017eiimi verine survepoliitika on usaldust veelgi murendanud. V\u00f5imalik on stsenaarium, kus uus juht j\u00e4\u00e4b pigem s\u00fcmboolseks figuuriks, samal ajal kui tegelik v\u00f5im koondub veelgi enam IRGC k\u00e4tte.<\/p>\n<p>V\u00e4lisriikidel, sealhulgas USA-l ja Iisraelil, puudub hetkel selge plaan Iraani stabiliseerimiseks juhul, kui re\u017eiim peaks t\u00e4ielikult kokku varisema. Samuti pole kindel, kas relvaj\u00f5udude read j\u00e4\u00e4vad \u00fchtseks v\u00f5i tekivad sisekonfliktid relvastatud \u00fcksuste ja protestijate vahel, kelle jaoks on v\u00f5itlus muutunud eksistentsiaalseks. Nagu m\u00e4rkis president Trump, on kandidaate mitu, kuid reaalne v\u00f5imuv\u00f5itlus Iraani t\u00e4navatel ja p\u00fchakodades on alles algamas.<\/p>\n","protected":false},"excerpt":{"rendered":"Iraani islamivabariik on p\u00e4rast k\u00f5rgeima juhi Ali Khamenei surma astunud s\u00fcgava m\u00e4\u00e4ramatuse ajaj\u00e4rku, kus seni kindlana p\u00fcsinud s\u00fcsteemi&hellip;\n","protected":false},"author":2,"featured_media":118490,"comment_status":"","ping_status":"","sticky":false,"template":"","format":"standard","meta":{"footnotes":"","_share_on_mastodon":"0"},"categories":[80],"tags":[37105,2838,26,27,37,33,35,34,36,31,32,21,619,1925,28,29,95,19,25,36752,23,24,22,325,20,55305,30,92,93,94],"class_list":["post-118489","post","type-post","status-publish","format-standard","has-post-thumbnail","category-maailm","tag-ali-khamenei","tag-analuus","tag-breaking-news","tag-breakingnews","tag-ee","tag-eesti","tag-eesti-keel","tag-estonia","tag-estonian","tag-featured-news","tag-featurednews","tag-headlines","tag-iisrael","tag-iraan","tag-latest-news","tag-latestnews","tag-maailm","tag-news","tag-populaarseimad-lood","tag-runnakud","tag-top-stories","tag-topstories","tag-uldised-uudised","tag-usa","tag-uudised","tag-valismeedia","tag-viimased-uudised","tag-world","tag-world-news","tag-worldnews"],"share_on_mastodon":{"url":"https:\/\/pubeurope.com\/@ee\/116152640631535600","error":""},"_links":{"self":[{"href":"https:\/\/www.europesays.com\/ee\/wp-json\/wp\/v2\/posts\/118489","targetHints":{"allow":["GET"]}}],"collection":[{"href":"https:\/\/www.europesays.com\/ee\/wp-json\/wp\/v2\/posts"}],"about":[{"href":"https:\/\/www.europesays.com\/ee\/wp-json\/wp\/v2\/types\/post"}],"author":[{"embeddable":true,"href":"https:\/\/www.europesays.com\/ee\/wp-json\/wp\/v2\/users\/2"}],"replies":[{"embeddable":true,"href":"https:\/\/www.europesays.com\/ee\/wp-json\/wp\/v2\/comments?post=118489"}],"version-history":[{"count":0,"href":"https:\/\/www.europesays.com\/ee\/wp-json\/wp\/v2\/posts\/118489\/revisions"}],"wp:featuredmedia":[{"embeddable":true,"href":"https:\/\/www.europesays.com\/ee\/wp-json\/wp\/v2\/media\/118490"}],"wp:attachment":[{"href":"https:\/\/www.europesays.com\/ee\/wp-json\/wp\/v2\/media?parent=118489"}],"wp:term":[{"taxonomy":"category","embeddable":true,"href":"https:\/\/www.europesays.com\/ee\/wp-json\/wp\/v2\/categories?post=118489"},{"taxonomy":"post_tag","embeddable":true,"href":"https:\/\/www.europesays.com\/ee\/wp-json\/wp\/v2\/tags?post=118489"}],"curies":[{"name":"wp","href":"https:\/\/api.w.org\/{rel}","templated":true}]}}