{"id":118516,"date":"2026-03-01T07:35:07","date_gmt":"2026-03-01T07:35:07","guid":{"rendered":"https:\/\/www.europesays.com\/ee\/118516\/"},"modified":"2026-03-01T07:35:07","modified_gmt":"2026-03-01T07:35:07","slug":"dubais-dohas-ja-manamas-oli-kuulda-uusi-plahvatusi-valismaa","status":"publish","type":"post","link":"https:\/\/www.europesays.com\/ee\/118516\/","title":{"rendered":"Dubais, Dohas ja Manamas oli kuulda uusi plahvatusi | V\u00e4lismaa"},"content":{"rendered":"<p>P\u00e4rsia lahe \u00e4\u00e4rsetes linnades Dubais, Dohas ja Manamas kostis p\u00fchap\u00e4eva hommikul uusi plahvatusi &#8211; r\u00fcnnakud j\u00e4rgnesid p\u00e4evale, mil Iraan korraldas piirkonnas vastul\u00f6\u00f6ke USA ja Iisraeli r\u00fcnnakutele.<\/p>\n<p>AFP reporterid kuulsid plahvatusi Dubais Araabia \u00dchendemiraatides, Dohas Kataris ja Manamas Bahreinis, kus k\u00e4ivitusid sireenid.<\/p>\n<p>Uued plahvatused toimusid ka Emiraatide pealinnas Abu Dhabis. R\u00fcnnakud tabasid s\u00f5jav\u00e4ebaase ja taristut, sealhulgas lennujaamu kogu P\u00e4rsia lahe piirkonnas, v\u00e4lja arvatud vahendaja rollis olevas Omaanis. R\u00fcnnakud tekitasid hirmu laiema konflikti ees ja raputasid piirkonda, mida on pikka aega peetud rahu ning julgeoleku kantsiks rahutus L\u00e4his-Idas.<\/p>\n<p>Iraan tulistas A\u00dcE territooriumi pihta 137 raketti ja 209 drooni, teatas riigi kaitseministeerium, lisades, et tulekahjud ja suits j\u00f5udsid selliste maam\u00e4rkideni nagu The Palm ja Burj Al Arab.<\/p>\n<p>Ametiv\u00f5imud teatasid intsidentidest Dubai ja Abu Dhabi lennujaamades, kus hukkus \u00fcks inimene, ning tabamuse sai ka Kuveidi lennujaam.<\/p>\n","protected":false},"excerpt":{"rendered":"P\u00e4rsia lahe \u00e4\u00e4rsetes linnades Dubais, Dohas ja Manamas kostis p\u00fchap\u00e4eva hommikul uusi plahvatusi &#8211; r\u00fcnnakud j\u00e4rgnesid p\u00e4evale, mil&hellip;\n","protected":false},"author":2,"featured_media":118517,"comment_status":"","ping_status":"","sticky":false,"template":"","format":"standard","meta":{"footnotes":"","_share_on_mastodon":"0"},"categories":[80],"tags":[26,27,37,33,35,34,36,31,32,21,1925,28,29,95,19,25,36752,23,24,22,20,30,92,93,94],"class_list":["post-118516","post","type-post","status-publish","format-standard","has-post-thumbnail","category-maailm","tag-breaking-news","tag-breakingnews","tag-ee","tag-eesti","tag-eesti-keel","tag-estonia","tag-estonian","tag-featured-news","tag-featurednews","tag-headlines","tag-iraan","tag-latest-news","tag-latestnews","tag-maailm","tag-news","tag-populaarseimad-lood","tag-runnakud","tag-top-stories","tag-topstories","tag-uldised-uudised","tag-uudised","tag-viimased-uudised","tag-world","tag-world-news","tag-worldnews"],"share_on_mastodon":{"url":"","error":""},"_links":{"self":[{"href":"https:\/\/www.europesays.com\/ee\/wp-json\/wp\/v2\/posts\/118516","targetHints":{"allow":["GET"]}}],"collection":[{"href":"https:\/\/www.europesays.com\/ee\/wp-json\/wp\/v2\/posts"}],"about":[{"href":"https:\/\/www.europesays.com\/ee\/wp-json\/wp\/v2\/types\/post"}],"author":[{"embeddable":true,"href":"https:\/\/www.europesays.com\/ee\/wp-json\/wp\/v2\/users\/2"}],"replies":[{"embeddable":true,"href":"https:\/\/www.europesays.com\/ee\/wp-json\/wp\/v2\/comments?post=118516"}],"version-history":[{"count":0,"href":"https:\/\/www.europesays.com\/ee\/wp-json\/wp\/v2\/posts\/118516\/revisions"}],"wp:featuredmedia":[{"embeddable":true,"href":"https:\/\/www.europesays.com\/ee\/wp-json\/wp\/v2\/media\/118517"}],"wp:attachment":[{"href":"https:\/\/www.europesays.com\/ee\/wp-json\/wp\/v2\/media?parent=118516"}],"wp:term":[{"taxonomy":"category","embeddable":true,"href":"https:\/\/www.europesays.com\/ee\/wp-json\/wp\/v2\/categories?post=118516"},{"taxonomy":"post_tag","embeddable":true,"href":"https:\/\/www.europesays.com\/ee\/wp-json\/wp\/v2\/tags?post=118516"}],"curies":[{"name":"wp","href":"https:\/\/api.w.org\/{rel}","templated":true}]}}