{"id":118605,"date":"2026-03-01T10:10:07","date_gmt":"2026-03-01T10:10:07","guid":{"rendered":"https:\/\/www.europesays.com\/ee\/118605\/"},"modified":"2026-03-01T10:10:07","modified_gmt":"2026-03-01T10:10:07","slug":"loodusfoto-%e2%9f%a9-toonekured-on-teel","status":"publish","type":"post","link":"https:\/\/www.europesays.com\/ee\/118605\/","title":{"rendered":"LOODUSFOTO \u27e9 Toonekured on teel"},"content":{"rendered":"<p>Kaugr\u00e4ndurid saabuvad oma pesapaikadele enamasti \u00fcsna kindlal ajal. Erinevalt n\u00e4iteks kuldnokkadest ja l\u00f5okestest, kes veedavad talve Kesk-Euroopas ja hakkavad kodu poole liikuma niipea, kui ilmad soojemaks l\u00e4hevad, saabuvad kaugr\u00e4ndurid meile tagasi enam-v\u00e4hem kindlal ajal. Nad ei kipu enamasti riskima k\u00fclma ja n\u00e4lja k\u00e4tte j\u00e4\u00e4misega, kui talv peaks otsustama tagasi tulla. T\u00f5si k\u00fcll, isased toonekured h\u00f5ivavad oma kodused reviirid juba varakult ja ootavad siis pesal istudes kannatlikult l\u00f5unamaareisilt saabuvat kaasat.<\/p>\n","protected":false},"excerpt":{"rendered":"Kaugr\u00e4ndurid saabuvad oma pesapaikadele enamasti \u00fcsna kindlal ajal. Erinevalt n\u00e4iteks kuldnokkadest ja l\u00f5okestest, kes veedavad talve Kesk-Euroopas ja&hellip;\n","protected":false},"author":2,"featured_media":118606,"comment_status":"","ping_status":"","sticky":false,"template":"","format":"standard","meta":{"footnotes":"","_share_on_mastodon":"0"},"categories":[12],"tags":[26,27,37,33,35,34,36,31,32,11517,21,28,29,12942,19,25,55334,12941,55333,23,24,22,20,30],"class_list":["post-118605","post","type-post","status-publish","format-standard","has-post-thumbnail","category-eesti","tag-breaking-news","tag-breakingnews","tag-ee","tag-eesti","tag-eesti-keel","tag-estonia","tag-estonian","tag-featured-news","tag-featurednews","tag-gambia","tag-headlines","tag-latest-news","tag-latestnews","tag-loodusfoto","tag-news","tag-populaarseimad-lood","tag-randlindude-saabumine","tag-rein-kuresoo","tag-toonekured","tag-top-stories","tag-topstories","tag-uldised-uudised","tag-uudised","tag-viimased-uudised"],"share_on_mastodon":{"url":"https:\/\/pubeurope.com\/@ee\/116153380060212412","error":""},"_links":{"self":[{"href":"https:\/\/www.europesays.com\/ee\/wp-json\/wp\/v2\/posts\/118605","targetHints":{"allow":["GET"]}}],"collection":[{"href":"https:\/\/www.europesays.com\/ee\/wp-json\/wp\/v2\/posts"}],"about":[{"href":"https:\/\/www.europesays.com\/ee\/wp-json\/wp\/v2\/types\/post"}],"author":[{"embeddable":true,"href":"https:\/\/www.europesays.com\/ee\/wp-json\/wp\/v2\/users\/2"}],"replies":[{"embeddable":true,"href":"https:\/\/www.europesays.com\/ee\/wp-json\/wp\/v2\/comments?post=118605"}],"version-history":[{"count":0,"href":"https:\/\/www.europesays.com\/ee\/wp-json\/wp\/v2\/posts\/118605\/revisions"}],"wp:featuredmedia":[{"embeddable":true,"href":"https:\/\/www.europesays.com\/ee\/wp-json\/wp\/v2\/media\/118606"}],"wp:attachment":[{"href":"https:\/\/www.europesays.com\/ee\/wp-json\/wp\/v2\/media?parent=118605"}],"wp:term":[{"taxonomy":"category","embeddable":true,"href":"https:\/\/www.europesays.com\/ee\/wp-json\/wp\/v2\/categories?post=118605"},{"taxonomy":"post_tag","embeddable":true,"href":"https:\/\/www.europesays.com\/ee\/wp-json\/wp\/v2\/tags?post=118605"}],"curies":[{"name":"wp","href":"https:\/\/api.w.org\/{rel}","templated":true}]}}