{"id":118629,"date":"2026-03-01T10:51:13","date_gmt":"2026-03-01T10:51:13","guid":{"rendered":"https:\/\/www.europesays.com\/ee\/118629\/"},"modified":"2026-03-01T10:51:13","modified_gmt":"2026-03-01T10:51:13","slug":"meistrite-liiga-kolakast-toibunud-inter-elas-end-kodus-valja-soccernet-ee","status":"publish","type":"post","link":"https:\/\/www.europesays.com\/ee\/118629\/","title":{"rendered":"Meistrite liiga kolakast toibunud Inter elas end kodus v\u00e4lja &#8211; Soccernet.ee"},"content":{"rendered":"<p><img decoding=\"async\" src=\"https:\/\/www.europesays.com\/ee\/wp-content\/uploads\/2026\/03\/1772314642.jpg\" alt=\"Milano Inter on koduliigas v\u00f5imsas hoos. Foto: Scanpix \/ Antonio Calanni \/ AP\"\/>&#13;\n<\/p>\n<p>Meistrite liigast Bod\u00f6\/Glimti poolt elimineeritud Milano Inter rehabiliteeris end Serie A-s, kus alistati Genoa 2:0.<\/p>\n<p>Interi juhtv\u00e4rava eest hoolitses 31. minutil Federico Dimarco, kes pani palli Henrih Mhitarjani t\u00f5ste j\u00e4rel v\u00f5rku. Teise poolaja keskpaigas suurendas Hakan Calhanoglu v\u00f5\u00f5rustajate jaoks seisu, kui realiseeris 70. minutil penalti. Koduliigas viimati eelmise aasta 23. novembril kaotanud Inter j\u00e4tkab v\u00e4geva seeria toel esikohal, edestades \u00fche kohtumise v\u00e4hem pidanud linnarivaali AC Milanit 13 punktiga.\u00a0&#13;\n<\/p>\n<p>V\u00f5\u00f5rsil Hellas Veronat 2:1 v\u00f5itnud tiitlikaitsja Napoli l\u00f5i \u00fche v\u00e4rava m\u00e4ngu alguses ja teise l\u00f5pus. Teisel minutil koksas Manchester Unitedist laenatud Taani r\u00fcndaja Rasmus H\u00f6jlund palli postip\u00f5rkest sisse. Ehkki v\u00f5\u00f5rustajad viigistasid Jean-Daniel Akpro\u00a0abil 65. minutil, otsustas m\u00e4ngu saatuse Romelu Lukaku, kes pani kohtumise viimase puutega palli kuuendal \u00fcleminutil v\u00f5rku. Napoli j\u00e4tkab m\u00f5lema Milano j\u00e4rel kolmandana, Verona viimasena.&#13;\n<\/p>\n<p>Esineliku tuules p\u00fcsiv Como noppis teise j\u00e4rjestikuse v\u00f5idu, alistades kodus Lecce 3:1. K\u00fclalised l\u00e4ksid juhtima Lassana Coulibaly v\u00e4ravast 13. minutil, ent nende eduseis j\u00f5udis kesta vaid viis minutit, kuniks Como suurimate skooritegijate sekka kuuluv Anastassios Douvikas viigistas. Avapoolaja l\u00f5pule l\u00e4henedes viis Jesus Rodriguez kodumeeskonna ette ning enne vaheajale minekut l\u00f5i Marc-Oliver Kempf kolmanda. Como j\u00e4\u00e4b \u00fche m\u00e4ngu v\u00e4hem pidanud Romale alla kahe silmaga, Lecce p\u00fcsib ohutsoonis.&#13;<\/p>\n","protected":false},"excerpt":{"rendered":"&#13; Meistrite liigast Bod\u00f6\/Glimti poolt elimineeritud Milano Inter rehabiliteeris end Serie A-s, kus alistati Genoa 2:0. Interi juhtv\u00e4rava&hellip;\n","protected":false},"author":2,"featured_media":118630,"comment_status":"","ping_status":"","sticky":false,"template":"","format":"standard","meta":{"footnotes":"","_share_on_mastodon":"0"},"categories":[18],"tags":[1817,37,33,35,34,36,8302,1820,109,5505,1191,1082,159,158,1151],"class_list":["post-118629","post","type-post","status-publish","format-standard","has-post-thumbnail","category-sport","tag-como","tag-ee","tag-eesti","tag-eesti-keel","tag-estonia","tag-estonian","tag-genoa","tag-inter","tag-itaalia","tag-lecce","tag-napoli","tag-serie-a","tag-sport","tag-sports","tag-verona"],"share_on_mastodon":{"url":"https:\/\/pubeurope.com\/@ee\/116153541139267979","error":""},"_links":{"self":[{"href":"https:\/\/www.europesays.com\/ee\/wp-json\/wp\/v2\/posts\/118629","targetHints":{"allow":["GET"]}}],"collection":[{"href":"https:\/\/www.europesays.com\/ee\/wp-json\/wp\/v2\/posts"}],"about":[{"href":"https:\/\/www.europesays.com\/ee\/wp-json\/wp\/v2\/types\/post"}],"author":[{"embeddable":true,"href":"https:\/\/www.europesays.com\/ee\/wp-json\/wp\/v2\/users\/2"}],"replies":[{"embeddable":true,"href":"https:\/\/www.europesays.com\/ee\/wp-json\/wp\/v2\/comments?post=118629"}],"version-history":[{"count":0,"href":"https:\/\/www.europesays.com\/ee\/wp-json\/wp\/v2\/posts\/118629\/revisions"}],"wp:featuredmedia":[{"embeddable":true,"href":"https:\/\/www.europesays.com\/ee\/wp-json\/wp\/v2\/media\/118630"}],"wp:attachment":[{"href":"https:\/\/www.europesays.com\/ee\/wp-json\/wp\/v2\/media?parent=118629"}],"wp:term":[{"taxonomy":"category","embeddable":true,"href":"https:\/\/www.europesays.com\/ee\/wp-json\/wp\/v2\/categories?post=118629"},{"taxonomy":"post_tag","embeddable":true,"href":"https:\/\/www.europesays.com\/ee\/wp-json\/wp\/v2\/tags?post=118629"}],"curies":[{"name":"wp","href":"https:\/\/api.w.org\/{rel}","templated":true}]}}