{"id":118754,"date":"2026-03-01T14:42:07","date_gmt":"2026-03-01T14:42:07","guid":{"rendered":"https:\/\/www.europesays.com\/ee\/118754\/"},"modified":"2026-03-01T14:42:07","modified_gmt":"2026-03-01T14:42:07","slug":"aigro-sai-kulmi-lennumae-teisel-voistlusel-24-koha-prevc-taaskord-esimene-suusahupped","status":"publish","type":"post","link":"https:\/\/www.europesays.com\/ee\/118754\/","title":{"rendered":"Aigro sai Kulmi lennum\u00e4e teisel v\u00f5istlusel 24. koha, Prevc taaskord esimene | Suusah\u00fcpped"},"content":{"rendered":"<p>Eesti suusah\u00fcppaja Artti Aigro j\u00e4tkas Austrias Kulmi lennum\u00e4el toimuvat MK-etappi edukalt, kui teenis p\u00fchap\u00e4evasel v\u00f5istlusel 24. koha.<\/p>\n<p>203-meetrine \u00f5hulend t\u00f5i Aigrole kvalifikatsioonis 171,0 punkti, millega ta oli p\u00e4rast oma h\u00fcpet 12. kohal ja kindlustas koheselt koha l\u00f5ppv\u00f5istlusel. Konkurendid l\u00fckkasid l\u00f5puks eestlase 26. kohale.<\/p>\n<p>P\u00f5hiv\u00f5istluse esimeses voorus maandus Aigro 204 meetri peal ning teenis 174,4 punktiga 22. koha ja edasip\u00e4\u00e4su teise vooru. Teises voorus sai ta hakkama 211-meetrise lennuga ning sai selle eest 170,7 punkti. Koondtulemus 345,1 punkti andis talle kokkuv\u00f5ttes 24. koha.<\/p>\n<p>P\u00e4rast esimest vooru kerkis liidriks kvalifikatsioonis parima tulemuse teinud Domen Prevc, kes sai 238-meetrise h\u00fcppe eest 230,6 punkti. Esikolmikusse mahtusid veel austerlane Stephan Embacher (240,5 m; 217,8 p) ja norralane Johann Andre Forfang (225,5 m; 200,1 p). Esikolmikust j\u00e4i 0,1 punktiga v\u00e4lja jaapanlane Ryoyu Kobayashi, kes sooritas 229-meetrise \u00f5hulennu.<\/p>\n<p>Prevc kindlustas teises voorus 245,5-meetrise lennuga esikoha ja kogus kahe vooruga 463,2 punkti. Esikolmikus muudatusi ei toimunud: Embacher sai 438,4 punktiga teise koha ja Forfang 405,0 punktiga kolmanda koha.<\/p>\n<p>K\u00fcll aga langes Kobayashi kehva h\u00fcppega kaheksandaks, neljanda koha v\u00f5ttis team asemel sisse kaasmaalane Tomofumi Naito (404,7 p), kes kaotas 192,9 ja 242,5 meetri pikkuste h\u00fcpetega l\u00f5puks Forfangile vaid 0,3 punktiga.<\/p>\n<p>Suusah\u00fcpete MK-sari j\u00e4tkub j\u00e4rgmisel n\u00e4dalavahetuse Soomes Lahtis.<\/p>\n","protected":false},"excerpt":{"rendered":"Eesti suusah\u00fcppaja Artti Aigro j\u00e4tkas Austrias Kulmi lennum\u00e4el toimuvat MK-etappi edukalt, kui teenis p\u00fchap\u00e4evasel v\u00f5istlusel 24. koha. 203-meetrine&hellip;\n","protected":false},"author":2,"featured_media":118672,"comment_status":"","ping_status":"","sticky":false,"template":"","format":"standard","meta":{"footnotes":"","_share_on_mastodon":"0"},"categories":[18],"tags":[1700,1703,37,33,35,34,36,159,158,24342],"class_list":["post-118754","post","type-post","status-publish","format-standard","has-post-thumbnail","category-sport","tag-artti-aigro","tag-domen-prevc","tag-ee","tag-eesti","tag-eesti-keel","tag-estonia","tag-estonian","tag-sport","tag-sports","tag-suusahupete-mk-sari"],"share_on_mastodon":{"url":"https:\/\/pubeurope.com\/@ee\/116154449446169681","error":""},"_links":{"self":[{"href":"https:\/\/www.europesays.com\/ee\/wp-json\/wp\/v2\/posts\/118754","targetHints":{"allow":["GET"]}}],"collection":[{"href":"https:\/\/www.europesays.com\/ee\/wp-json\/wp\/v2\/posts"}],"about":[{"href":"https:\/\/www.europesays.com\/ee\/wp-json\/wp\/v2\/types\/post"}],"author":[{"embeddable":true,"href":"https:\/\/www.europesays.com\/ee\/wp-json\/wp\/v2\/users\/2"}],"replies":[{"embeddable":true,"href":"https:\/\/www.europesays.com\/ee\/wp-json\/wp\/v2\/comments?post=118754"}],"version-history":[{"count":0,"href":"https:\/\/www.europesays.com\/ee\/wp-json\/wp\/v2\/posts\/118754\/revisions"}],"wp:featuredmedia":[{"embeddable":true,"href":"https:\/\/www.europesays.com\/ee\/wp-json\/wp\/v2\/media\/118672"}],"wp:attachment":[{"href":"https:\/\/www.europesays.com\/ee\/wp-json\/wp\/v2\/media?parent=118754"}],"wp:term":[{"taxonomy":"category","embeddable":true,"href":"https:\/\/www.europesays.com\/ee\/wp-json\/wp\/v2\/categories?post=118754"},{"taxonomy":"post_tag","embeddable":true,"href":"https:\/\/www.europesays.com\/ee\/wp-json\/wp\/v2\/tags?post=118754"}],"curies":[{"name":"wp","href":"https:\/\/api.w.org\/{rel}","templated":true}]}}