{"id":118775,"date":"2026-03-01T15:48:07","date_gmt":"2026-03-01T15:48:07","guid":{"rendered":"https:\/\/www.europesays.com\/ee\/118775\/"},"modified":"2026-03-01T15:48:07","modified_gmt":"2026-03-01T15:48:07","slug":"bezzecchi-alustas-hooaega-imelise-nadalalopuga-tiitlikaitsja-katkestas-motosport","status":"publish","type":"post","link":"https:\/\/www.europesays.com\/ee\/118775\/","title":{"rendered":"Bezzecchi alustas hooaega imelise n\u00e4dalal\u00f5puga, tiitlikaitsja katkestas | Motosport"},"content":{"rendered":"<p>Mootorrataste ringrajas\u00f5idusarja MotoGP hooaja esimesel etapil Tais teenis esikoha itaallane Marco Bezzecchi (Aprilia; 39.36,270).<\/p>\n<p>27-aastane Bezzeechi n\u00e4dalal\u00f5pp m\u00f6\u00f6dus suurep\u00e4raselt: ta oli parim ka kvalifikatsioonis ja tema nimele j\u00e4i v\u00f5istluste kiireim ring. Samuti oli ta kiireim k\u00f5igil treenings\u00f5itudel.<\/p>\n<p>5,543 sekundiga kaotas v\u00f5istluss\u00f5idus hispaanlane Pedro Acosta (KTM). Kolmanda koha sai hispaanlane Raul Fernandez (Trackhouse; +9,259), kes edestas veel \u00fcht hispaanlast Jorge Martinit (Aprilia; +12,182) ja jaapanlast Ai Ogurat (Trackhouse; +12,411).<\/p>\n<p>Kui eelmisel hooajal kokkuv\u00f5ttes kolmandaks j\u00e4\u00e4nud Bezzecchi juhtis s\u00f5itu algusest l\u00f5puni, siis mullusel maailmameistril Marc Marquezil (Ducati) kaugeltki nii h\u00e4sti ei l\u00e4inud. Viis ringi enne l\u00f5ppu sai viga tema tsikkel ja hispaanlane oli sunnitud neljandalt kohalt katkestama.<\/p>\n<p>MotoGP hooaeg j\u00e4tkub kolme n\u00e4dala p\u00e4rast Brasiilias Ayrton Senna ringrajal.<\/p>\n","protected":false},"excerpt":{"rendered":"Mootorrataste ringrajas\u00f5idusarja MotoGP hooaja esimesel etapil Tais teenis esikoha itaallane Marco Bezzecchi (Aprilia; 39.36,270). 27-aastane Bezzeechi n\u00e4dalal\u00f5pp m\u00f6\u00f6dus&hellip;\n","protected":false},"author":2,"featured_media":118776,"comment_status":"","ping_status":"","sticky":false,"template":"","format":"standard","meta":{"footnotes":"","_share_on_mastodon":"0"},"categories":[18],"tags":[37,33,35,34,36,5248,12721,4880,159,158],"class_list":["post-118775","post","type-post","status-publish","format-standard","has-post-thumbnail","category-sport","tag-ee","tag-eesti","tag-eesti-keel","tag-estonia","tag-estonian","tag-marc-marquez","tag-marco-bezzecchi","tag-motogp","tag-sport","tag-sports"],"share_on_mastodon":{"url":"https:\/\/pubeurope.com\/@ee\/116154709252945104","error":""},"_links":{"self":[{"href":"https:\/\/www.europesays.com\/ee\/wp-json\/wp\/v2\/posts\/118775","targetHints":{"allow":["GET"]}}],"collection":[{"href":"https:\/\/www.europesays.com\/ee\/wp-json\/wp\/v2\/posts"}],"about":[{"href":"https:\/\/www.europesays.com\/ee\/wp-json\/wp\/v2\/types\/post"}],"author":[{"embeddable":true,"href":"https:\/\/www.europesays.com\/ee\/wp-json\/wp\/v2\/users\/2"}],"replies":[{"embeddable":true,"href":"https:\/\/www.europesays.com\/ee\/wp-json\/wp\/v2\/comments?post=118775"}],"version-history":[{"count":0,"href":"https:\/\/www.europesays.com\/ee\/wp-json\/wp\/v2\/posts\/118775\/revisions"}],"wp:featuredmedia":[{"embeddable":true,"href":"https:\/\/www.europesays.com\/ee\/wp-json\/wp\/v2\/media\/118776"}],"wp:attachment":[{"href":"https:\/\/www.europesays.com\/ee\/wp-json\/wp\/v2\/media?parent=118775"}],"wp:term":[{"taxonomy":"category","embeddable":true,"href":"https:\/\/www.europesays.com\/ee\/wp-json\/wp\/v2\/categories?post=118775"},{"taxonomy":"post_tag","embeddable":true,"href":"https:\/\/www.europesays.com\/ee\/wp-json\/wp\/v2\/tags?post=118775"}],"curies":[{"name":"wp","href":"https:\/\/api.w.org\/{rel}","templated":true}]}}