{"id":118782,"date":"2026-03-01T16:11:28","date_gmt":"2026-03-01T16:11:28","guid":{"rendered":"https:\/\/www.europesays.com\/ee\/118782\/"},"modified":"2026-03-01T16:11:28","modified_gmt":"2026-03-01T16:11:28","slug":"mitu-naftakompaniid-peatasid-tankerite-liikumise-labi-hormuzi-vaina","status":"publish","type":"post","link":"https:\/\/www.europesays.com\/ee\/118782\/","title":{"rendered":"Mitu naftakompaniid peatasid tankerite liikumise l\u00e4bi Hormuzi v\u00e4ina"},"content":{"rendered":"<p>Hormuzi v\u00e4in, mille kaudu liigub ligi viiendik maailma meritsi veetavast naftast, on taas muutumas globaalseks n\u00e4rvipunktiks. Naftatankerid ja LNG-laevad aeglustavad k\u00e4iku, p\u00f6\u00f6ravad tagasi v\u00f5i j\u00e4\u00e4vad p\u00e4evadeks ankrusse, samal ajal kui riigid jagavad vastuk\u00e4ivaid juhiseid.<\/p>\n<p>Pinged Iraani ja L\u00e4\u00e4ne vahel on j\u00f5udnud olukorrani, kus isegi s\u00f5jalaevastikud ei suuda enam turvalist l\u00e4bip\u00e4\u00e4su garanteerida. Mida see t\u00e4hendab maailma energiaturgudele ja kui kiiresti v\u00f5ivad otsused Hormuzi v\u00e4inas j\u00f5uda ka tavalise tarbija rahakotti?<\/p>\n","protected":false},"excerpt":{"rendered":"Hormuzi v\u00e4in, mille kaudu liigub ligi viiendik maailma meritsi veetavast naftast, on taas muutumas globaalseks n\u00e4rvipunktiks. Naftatankerid ja&hellip;\n","protected":false},"author":2,"featured_media":118783,"comment_status":"","ping_status":"","sticky":false,"template":"","format":"standard","meta":{"footnotes":"","_share_on_mastodon":"0"},"categories":[14],"tags":[131,130,37,33,35,34,36,46527,55381,55382,40478,23745,16109],"class_list":["post-118782","post","type-post","status-publish","format-standard","has-post-thumbnail","category-ari","tag-ari","tag-business","tag-ee","tag-eesti","tag-eesti-keel","tag-estonia","tag-estonian","tag-hormuzi-vain","tag-lng-laevad","tag-nafta-transport","tag-naftatankerid","tag-naftaturg","tag-veeldatud-maagaas"],"share_on_mastodon":{"url":"https:\/\/pubeurope.com\/@ee\/116154799376096455","error":""},"_links":{"self":[{"href":"https:\/\/www.europesays.com\/ee\/wp-json\/wp\/v2\/posts\/118782","targetHints":{"allow":["GET"]}}],"collection":[{"href":"https:\/\/www.europesays.com\/ee\/wp-json\/wp\/v2\/posts"}],"about":[{"href":"https:\/\/www.europesays.com\/ee\/wp-json\/wp\/v2\/types\/post"}],"author":[{"embeddable":true,"href":"https:\/\/www.europesays.com\/ee\/wp-json\/wp\/v2\/users\/2"}],"replies":[{"embeddable":true,"href":"https:\/\/www.europesays.com\/ee\/wp-json\/wp\/v2\/comments?post=118782"}],"version-history":[{"count":0,"href":"https:\/\/www.europesays.com\/ee\/wp-json\/wp\/v2\/posts\/118782\/revisions"}],"wp:featuredmedia":[{"embeddable":true,"href":"https:\/\/www.europesays.com\/ee\/wp-json\/wp\/v2\/media\/118783"}],"wp:attachment":[{"href":"https:\/\/www.europesays.com\/ee\/wp-json\/wp\/v2\/media?parent=118782"}],"wp:term":[{"taxonomy":"category","embeddable":true,"href":"https:\/\/www.europesays.com\/ee\/wp-json\/wp\/v2\/categories?post=118782"},{"taxonomy":"post_tag","embeddable":true,"href":"https:\/\/www.europesays.com\/ee\/wp-json\/wp\/v2\/tags?post=118782"}],"curies":[{"name":"wp","href":"https:\/\/api.w.org\/{rel}","templated":true}]}}