{"id":118818,"date":"2026-03-01T17:13:28","date_gmt":"2026-03-01T17:13:28","guid":{"rendered":"https:\/\/www.europesays.com\/ee\/118818\/"},"modified":"2026-03-01T17:13:28","modified_gmt":"2026-03-01T17:13:28","slug":"fotod-ja-video-ilmataat-vottis-vaatsa-lumememmedelt-elulootuse","status":"publish","type":"post","link":"https:\/\/www.europesays.com\/ee\/118818\/","title":{"rendered":"FOTOD ja VIDEO | Ilmataat v\u00f5ttis V\u00e4\u00e4tsa lumememmedelt elulootuse"},"content":{"rendered":"<p>Juba napid tunnid peale lille l\u00f6\u00f6mist oli prouadel silmav\u00e4rv laiali valgunud, porgandininad n\u00e4ost maha libisenud ja m\u00f5ni kiitsakam memm koguni selili porri prantsatanud.<\/p>\n<p>Laup\u00e4evaks v\u00e4lja kuulutatud kuulsa <a rel=\"noopener nofollow\" target=\"_blank\" href=\"https:\/\/www.delfi.ee\/teema\/68710411\/vaatsa\" data-rel-date-range=\"[]\">V\u00e4\u00e4tsa<\/a> <a rel=\"noopener nofollow\" target=\"_blank\" href=\"https:\/\/www.delfi.ee\/teema\/56814902\/lumememm\" data-rel-date-range=\"[]\">lumememmede<\/a> paraadi ajas l\u00f6rri j\u00e4rsku sulale keeranud ilm \u2013 Ilmataat v\u00f5ttis memmedelt elulootuse enne, kui nad \u00fcldse said valmis veeretatud.<\/p>\n","protected":false},"excerpt":{"rendered":"Juba napid tunnid peale lille l\u00f6\u00f6mist oli prouadel silmav\u00e4rv laiali valgunud, porgandininad n\u00e4ost maha libisenud ja m\u00f5ni kiitsakam&hellip;\n","protected":false},"author":2,"featured_media":118819,"comment_status":"","ping_status":"","sticky":false,"template":"","format":"standard","meta":{"footnotes":"","_share_on_mastodon":"0"},"categories":[12],"tags":[26,27,37,33,35,34,36,31,32,21,28,29,37818,55388,19,907,25,23,24,2347,22,20,4845,30],"class_list":["post-118818","post","type-post","status-publish","format-standard","has-post-thumbnail","category-eesti","tag-breaking-news","tag-breakingnews","tag-ee","tag-eesti","tag-eesti-keel","tag-estonia","tag-estonian","tag-featured-news","tag-featurednews","tag-headlines","tag-latest-news","tag-latestnews","tag-lumememm","tag-lumememmeparaad","tag-news","tag-paide","tag-populaarseimad-lood","tag-top-stories","tag-topstories","tag-turi","tag-uldised-uudised","tag-uudised","tag-vaatsa","tag-viimased-uudised"],"share_on_mastodon":{"url":"https:\/\/pubeurope.com\/@ee\/116155043467222702","error":""},"_links":{"self":[{"href":"https:\/\/www.europesays.com\/ee\/wp-json\/wp\/v2\/posts\/118818","targetHints":{"allow":["GET"]}}],"collection":[{"href":"https:\/\/www.europesays.com\/ee\/wp-json\/wp\/v2\/posts"}],"about":[{"href":"https:\/\/www.europesays.com\/ee\/wp-json\/wp\/v2\/types\/post"}],"author":[{"embeddable":true,"href":"https:\/\/www.europesays.com\/ee\/wp-json\/wp\/v2\/users\/2"}],"replies":[{"embeddable":true,"href":"https:\/\/www.europesays.com\/ee\/wp-json\/wp\/v2\/comments?post=118818"}],"version-history":[{"count":0,"href":"https:\/\/www.europesays.com\/ee\/wp-json\/wp\/v2\/posts\/118818\/revisions"}],"wp:featuredmedia":[{"embeddable":true,"href":"https:\/\/www.europesays.com\/ee\/wp-json\/wp\/v2\/media\/118819"}],"wp:attachment":[{"href":"https:\/\/www.europesays.com\/ee\/wp-json\/wp\/v2\/media?parent=118818"}],"wp:term":[{"taxonomy":"category","embeddable":true,"href":"https:\/\/www.europesays.com\/ee\/wp-json\/wp\/v2\/categories?post=118818"},{"taxonomy":"post_tag","embeddable":true,"href":"https:\/\/www.europesays.com\/ee\/wp-json\/wp\/v2\/tags?post=118818"}],"curies":[{"name":"wp","href":"https:\/\/api.w.org\/{rel}","templated":true}]}}