{"id":118849,"date":"2026-03-01T18:04:09","date_gmt":"2026-03-01T18:04:09","guid":{"rendered":"https:\/\/www.europesays.com\/ee\/118849\/"},"modified":"2026-03-01T18:04:09","modified_gmt":"2026-03-01T18:04:09","slug":"chelseaga-meistrite-liiga-voitnud-kaitsja-siirdus-aue-sse-soccernet-ee","status":"publish","type":"post","link":"https:\/\/www.europesays.com\/ee\/118849\/","title":{"rendered":"Chelseaga Meistrite liiga v\u00f5itnud kaitsja siirdus A\u00dcE-sse &#8211; Soccernet.ee"},"content":{"rendered":"<p><img decoding=\"async\" src=\"https:\/\/www.europesays.com\/ee\/wp-content\/uploads\/2026\/03\/1772360448.jpg\" alt=\"Kurt Zouma. Foto: Scanpix \/ Martin Meissner \/ AP Photo\"\/>&#13;\n<\/p>\n<p>Endine Prantsusmaa koondise ja Londoni Chelsea keskkaitsja Kurt Zouma (31) liitus vabaagendina Araabia \u00dchendemiraatide k\u00f5rgliigaklubi Al Wasliga.<\/p>\n<p>Liigas hetkel viiendal kohal paiknev Al Wasl s\u00f5lmis Zoumaga lepingu k\u00e4imasoleva hooaja l\u00f5puni. Hooaja esimese poole veetis 31-aastane kaitsja CFR Clujis, kus sai aga kirja vaid kolm Rumeenia k\u00f5rgliigam\u00e4ngu, millest ainult \u00fches p\u00e4\u00e4ses ta p\u00f5hikoosseisu.&#13;\n<\/p>\n<p>Senise karj\u00e4\u00e4ri jooksul on Zouma tulnud Chelseaga Meistrite liiga v\u00f5itjaks ja kahekordseks Inglismaa meistriks, West Ham Unitediga Konverentsiliiga v\u00f5itjaks ning Prantsusmaa U20 koondisega noorte maailmameistriks.<\/p>\n","protected":false},"excerpt":{"rendered":"&#13; Endine Prantsusmaa koondise ja Londoni Chelsea keskkaitsja Kurt Zouma (31) liitus vabaagendina Araabia \u00dchendemiraatide k\u00f5rgliigaklubi Al Wasliga.&hellip;\n","protected":false},"author":2,"featured_media":118850,"comment_status":"","ping_status":"","sticky":false,"template":"","format":"standard","meta":{"footnotes":"","_share_on_mastodon":"0"},"categories":[18],"tags":[55398,25382,37,33,35,34,36,55399,159,158,55400],"class_list":["post-118849","post","type-post","status-publish","format-standard","has-post-thumbnail","category-sport","tag-al-wasl","tag-aue","tag-ee","tag-eesti","tag-eesti-keel","tag-estonia","tag-estonian","tag-kurt-zouma","tag-sport","tag-sports","tag-zouma"],"share_on_mastodon":{"url":"https:\/\/pubeurope.com\/@ee\/116155243747728251","error":""},"_links":{"self":[{"href":"https:\/\/www.europesays.com\/ee\/wp-json\/wp\/v2\/posts\/118849","targetHints":{"allow":["GET"]}}],"collection":[{"href":"https:\/\/www.europesays.com\/ee\/wp-json\/wp\/v2\/posts"}],"about":[{"href":"https:\/\/www.europesays.com\/ee\/wp-json\/wp\/v2\/types\/post"}],"author":[{"embeddable":true,"href":"https:\/\/www.europesays.com\/ee\/wp-json\/wp\/v2\/users\/2"}],"replies":[{"embeddable":true,"href":"https:\/\/www.europesays.com\/ee\/wp-json\/wp\/v2\/comments?post=118849"}],"version-history":[{"count":0,"href":"https:\/\/www.europesays.com\/ee\/wp-json\/wp\/v2\/posts\/118849\/revisions"}],"wp:featuredmedia":[{"embeddable":true,"href":"https:\/\/www.europesays.com\/ee\/wp-json\/wp\/v2\/media\/118850"}],"wp:attachment":[{"href":"https:\/\/www.europesays.com\/ee\/wp-json\/wp\/v2\/media?parent=118849"}],"wp:term":[{"taxonomy":"category","embeddable":true,"href":"https:\/\/www.europesays.com\/ee\/wp-json\/wp\/v2\/categories?post=118849"},{"taxonomy":"post_tag","embeddable":true,"href":"https:\/\/www.europesays.com\/ee\/wp-json\/wp\/v2\/tags?post=118849"}],"curies":[{"name":"wp","href":"https:\/\/api.w.org\/{rel}","templated":true}]}}