{"id":118864,"date":"2026-03-01T18:19:14","date_gmt":"2026-03-01T18:19:14","guid":{"rendered":"https:\/\/www.europesays.com\/ee\/118864\/"},"modified":"2026-03-01T18:19:14","modified_gmt":"2026-03-01T18:19:14","slug":"klabo-voiduseeria-jatkus-ka-faluni-mk-etapil-eestlased-viiendas-kumnes-suusatamine","status":"publish","type":"post","link":"https:\/\/www.europesays.com\/ee\/118864\/","title":{"rendered":"Kl\u00e4bo v\u00f5iduseeria j\u00e4tkus ka Faluni MK-etapil, eestlased viiendas k\u00fcmnes | Suusatamine"},"content":{"rendered":"<p>Norra murdmaat\u00e4ht Johannes H\u00f6sflot Kl\u00e4bo teenis Rootsis Falunis toimunud MK-etapil v\u00f5idu nii laup\u00e4evases sprindis kui ka p\u00fchap\u00e4evases suusavahetusega s\u00f5idus.<\/p>\n<p>Kl\u00e4bo v\u00f5itis laup\u00e4eval vabatehnikasprindis k\u00f5ik s\u00f5idud ja p\u00e4lvis finaalis esikoha ajaga 2.42,71, edestades kaasmaalast Lars Heggenit (+0,36) ja austerlast Benjamin Moserit (+1,63). Naiste v\u00f5istlusel v\u00f5idutses rootslanna Linn Svahn (2.56,75), esikolmikusse mahtusid veel norralanna Kristine Stavaas Skistad (+0,29) ja \u0161veitslanna Nadine Faehndirch (+3,73).<\/p>\n<p>Kl\u00e4bo on v\u00f5itnud alates 24. jaanuarist k\u00f5ik individuaalv\u00f5istlused, milles ta osalenud on, sealhulgas neli v\u00f5istlust Milano Cortina taliol\u00fcmpial.<\/p>\n<p>V\u00f5iduseeria ei l\u00f5ppenud ka 1. m\u00e4rtsil, kui Kl\u00e4bo saavutas Faluni MK-etapi 20 km suusavahetusega s\u00f5idus esikoha ajaga 48.41,8. Norra sai \u00fchtlasi kolmikv\u00f5idu: Kl\u00e4bole j\u00e4rgnesid Harald \u00d6stberg Amundsen (+0,7) ja Martin L\u00f6wstr\u00f6m Nyenget (+0,8). Esimesena j\u00e4i esikolmikust v\u00e4lja neutraalse lipu all v\u00f5istlev venelane Savelii Korosteljov (+4,0).<\/p>\n<p>Eestlased Falunis k\u00f5rgetele kohtadele ei s\u00f5itnud, Alvar Johannes Alev sai 42. koha (+2.41,1) ning Christopher Kalev 48. koha (+3.02,7).<\/p>\n<p>Naiste suusavahetusega s\u00f5it algab p\u00fchap\u00e4eva \u00f5htul kell 17.05.<\/p>\n","protected":false},"excerpt":{"rendered":"Norra murdmaat\u00e4ht Johannes H\u00f6sflot Kl\u00e4bo teenis Rootsis Falunis toimunud MK-etapil v\u00f5idu nii laup\u00e4evases sprindis kui ka p\u00fchap\u00e4evases suusavahetusega&hellip;\n","protected":false},"author":2,"featured_media":118865,"comment_status":"","ping_status":"","sticky":false,"template":"","format":"standard","meta":{"footnotes":"","_share_on_mastodon":"0"},"categories":[5],"tags":[8586,26,27,9096,37,33,35,34,36,31,32,21,3398,28,29,25993,19,25,23,24,22,20,30],"class_list":["post-118864","post","type-post","status-publish","format-standard","has-post-thumbnail","category-uldised-uudised","tag-alvar-johannes-alev","tag-breaking-news","tag-breakingnews","tag-christopher-kalev","tag-ee","tag-eesti","tag-eesti-keel","tag-estonia","tag-estonian","tag-featured-news","tag-featurednews","tag-headlines","tag-johannes-hosflot-klabo","tag-latest-news","tag-latestnews","tag-murdmaasuusatamise-mk-sari","tag-news","tag-populaarseimad-lood","tag-top-stories","tag-topstories","tag-uldised-uudised","tag-uudised","tag-viimased-uudised"],"share_on_mastodon":{"url":"https:\/\/pubeurope.com\/@ee\/116155302705723310","error":""},"_links":{"self":[{"href":"https:\/\/www.europesays.com\/ee\/wp-json\/wp\/v2\/posts\/118864","targetHints":{"allow":["GET"]}}],"collection":[{"href":"https:\/\/www.europesays.com\/ee\/wp-json\/wp\/v2\/posts"}],"about":[{"href":"https:\/\/www.europesays.com\/ee\/wp-json\/wp\/v2\/types\/post"}],"author":[{"embeddable":true,"href":"https:\/\/www.europesays.com\/ee\/wp-json\/wp\/v2\/users\/2"}],"replies":[{"embeddable":true,"href":"https:\/\/www.europesays.com\/ee\/wp-json\/wp\/v2\/comments?post=118864"}],"version-history":[{"count":0,"href":"https:\/\/www.europesays.com\/ee\/wp-json\/wp\/v2\/posts\/118864\/revisions"}],"wp:featuredmedia":[{"embeddable":true,"href":"https:\/\/www.europesays.com\/ee\/wp-json\/wp\/v2\/media\/118865"}],"wp:attachment":[{"href":"https:\/\/www.europesays.com\/ee\/wp-json\/wp\/v2\/media?parent=118864"}],"wp:term":[{"taxonomy":"category","embeddable":true,"href":"https:\/\/www.europesays.com\/ee\/wp-json\/wp\/v2\/categories?post=118864"},{"taxonomy":"post_tag","embeddable":true,"href":"https:\/\/www.europesays.com\/ee\/wp-json\/wp\/v2\/tags?post=118864"}],"curies":[{"name":"wp","href":"https:\/\/api.w.org\/{rel}","templated":true}]}}