{"id":118985,"date":"2026-03-01T22:18:11","date_gmt":"2026-03-01T22:18:11","guid":{"rendered":"https:\/\/www.europesays.com\/ee\/118985\/"},"modified":"2026-03-01T22:18:11","modified_gmt":"2026-03-01T22:18:11","slug":"meistriliiga-pohiturniiri-ulekaalukas-voitja-vajas-finaalis-penaltiseeriat-soccernet-ee","status":"publish","type":"post","link":"https:\/\/www.europesays.com\/ee\/118985\/","title":{"rendered":"Meistriliiga p\u00f5hiturniiri \u00fclekaalukas v\u00f5itja vajas finaalis penaltiseeriat &#8211; Soccernet.ee"},"content":{"rendered":"<p><img decoding=\"async\" src=\"https:\/\/www.europesays.com\/ee\/wp-content\/uploads\/2026\/03\/1772380154.jpg\" alt=\"Tallinna Aurora Futsal tuli Eesti naiste saalijalgpalli meistriks. Foto: Jana Pipar \/ jalgpall.ee\"\/>&#13;\n<\/p>\n<p>Naiste saalijalgpalli meistriliiga p\u00f5hiturniiri ilma kaotuseta l\u00e4binud ja k\u00fcmnepunktilise edumaaga v\u00f5itnud Tallinna Aurora Futsal vajas t\u00e4na k\u00f5ige olulisemas m\u00e4ngus ehk finaalis Keila JK Naiskonna vastu\u00a0penaltiseeriat.<\/p>\n<p>Aurora skooris Kohilas peetud finaalis esimesena, aga pidi hiljem koguni neli korda kaotusseisust v\u00e4lja tulema. Normaalaeg j\u00e4i 5:5 viiki, resultatiivseim oli kahe tabamusega Liis Steinberg. Penaltiseeria l\u00f5ppes Aurora 5:4 v\u00f5iduga.&#13;\n<\/p>\n<p>V\u00e4rske meisternaiskonna eest skoorisid finaalis lisaks Steinbergile ka Anett Vilipuu, Liisi Kalinina ja Katrin Loo. Viimane j\u00f5udis 5:5 viigiv\u00e4ravani 38. minutil.&#13;\n<\/p>\n<p>Keila eest olid t\u00e4psed\u00a0Gerli Israel, Heidi Melis, Helene Kala, Berit Israel ja Iiris Nurmoja.<\/p>\n<p>Tulemus:&#13;\n<\/p>\n<p>1. m\u00e4rtsil kell 12.00\u00a0Kohila spordihoones&#13;\n<\/p>\n<p>Tallinna Aurora Futsal &#8211; Keila JK Naiskond\u00a0 5:5 (2:2), pen. 5:4<br \/>&#13;<br \/>\n6.\u00a0Anett Vilipuu, 18.\u00a0Liisi Kalinina, 24., 33. Liis Steinberg, 38.\u00a0Katrin Loo &#8211; 15.\u00a0Gerli Israel, 16. pen.\u00a0Heidi Melis, 23.\u00a0Helene Kala, 25.\u00a0Berit Israel, 34.\u00a0Iiris Nurmoja&#13;\n<\/p>\n<p>Kohtunikud:\u00a0Voiteh Karnatsevit\u0161, Aleksandr Karp\u00f5t\u0161ev<br \/>&#13;<br \/>\nPealtvaatajaid: 130<\/p>\n<p>Aurora: K\u00e4rt Ojassaar, Anett Vilipuu, Katrin Loo, Liisi Kalinina, Getriin Yalin, Liis Steinberg, Sarah Brigitta Elhi, Diana Migalenja, Vanessa Vaher, Arina Tarassova.&#13;\n<\/p>\n<p>Keila: Rebeca M\u00f5ek, Hannela Melis, Berit Israel, Berit Bauman, Iiris Nurmoja, Gerli Israel, Trinity Klettenberg, K\u00e4ttriin Remmelg, Heidi Melis, Helene Kala, Triin Enok, Carmen Elisabeth Loime, Grete Mai Salme.&#13;<\/p>\n","protected":false},"excerpt":{"rendered":"&#13; Naiste saalijalgpalli meistriliiga p\u00f5hiturniiri ilma kaotuseta l\u00e4binud ja k\u00fcmnepunktilise edumaaga v\u00f5itnud Tallinna Aurora Futsal vajas t\u00e4na k\u00f5ige&hellip;\n","protected":false},"author":2,"featured_media":118986,"comment_status":"","ping_status":"","sticky":false,"template":"","format":"standard","meta":{"footnotes":"","_share_on_mastodon":"0"},"categories":[18],"tags":[29124,55430,37,33,35,34,36,55431,55432,55433,159,158,49371],"class_list":["post-118985","post","type-post","status-publish","format-standard","has-post-thumbnail","category-sport","tag-aurora","tag-aurora-naiskond","tag-ee","tag-eesti","tag-eesti-keel","tag-estonia","tag-estonian","tag-keila-jk-naiskond","tag-keila-naiskond","tag-naiste-saali-meistriliiga","tag-sport","tag-sports","tag-tallinna-aurora-futsal"],"share_on_mastodon":{"url":"https:\/\/pubeurope.com\/@ee\/116156242493291550","error":""},"_links":{"self":[{"href":"https:\/\/www.europesays.com\/ee\/wp-json\/wp\/v2\/posts\/118985","targetHints":{"allow":["GET"]}}],"collection":[{"href":"https:\/\/www.europesays.com\/ee\/wp-json\/wp\/v2\/posts"}],"about":[{"href":"https:\/\/www.europesays.com\/ee\/wp-json\/wp\/v2\/types\/post"}],"author":[{"embeddable":true,"href":"https:\/\/www.europesays.com\/ee\/wp-json\/wp\/v2\/users\/2"}],"replies":[{"embeddable":true,"href":"https:\/\/www.europesays.com\/ee\/wp-json\/wp\/v2\/comments?post=118985"}],"version-history":[{"count":0,"href":"https:\/\/www.europesays.com\/ee\/wp-json\/wp\/v2\/posts\/118985\/revisions"}],"wp:featuredmedia":[{"embeddable":true,"href":"https:\/\/www.europesays.com\/ee\/wp-json\/wp\/v2\/media\/118986"}],"wp:attachment":[{"href":"https:\/\/www.europesays.com\/ee\/wp-json\/wp\/v2\/media?parent=118985"}],"wp:term":[{"taxonomy":"category","embeddable":true,"href":"https:\/\/www.europesays.com\/ee\/wp-json\/wp\/v2\/categories?post=118985"},{"taxonomy":"post_tag","embeddable":true,"href":"https:\/\/www.europesays.com\/ee\/wp-json\/wp\/v2\/tags?post=118985"}],"curies":[{"name":"wp","href":"https:\/\/api.w.org\/{rel}","templated":true}]}}