{"id":119141,"date":"2026-03-02T08:05:07","date_gmt":"2026-03-02T08:05:07","guid":{"rendered":"https:\/\/www.europesays.com\/ee\/119141\/"},"modified":"2026-03-02T08:05:07","modified_gmt":"2026-03-02T08:05:07","slug":"leedu-klubile-kaotanud-tartu-ulikooli-naiskond-voitis-balti-liigas-neljanda-hobemedali","status":"publish","type":"post","link":"https:\/\/www.europesays.com\/ee\/119141\/","title":{"rendered":"Leedu klubile kaotanud Tartu \u00dclikooli naiskond v\u00f5itis Balti liigas neljanda h\u00f5bemedali"},"content":{"rendered":"<p>Esimeses geimis parimal juhul seitsme punktiga 19:12 juhtinud tartlannad j\u00f5udsid 24:23 seisul geimpallini ja omasid hiljem veel kaht geimpalli, kuid pidid l\u00f5puks leppima 29:31 kaotusega.<\/p>\n<p>Teises geimis v\u00f5itles Tartu v\u00f5istkond v\u00e4lja 17:9 eduseisu. Kuigi leedulannad v\u00e4hendasid vahe minimaalseks 20:21, viigistas Tartu esindus 25:22 geimiv\u00f5iduga m\u00e4nguseisu.<\/p>\n<p>Kolmandas geimis n\u00e4itas Kaunase naiskond m\u00e4ngu parimat r\u00fcnnakuefektiivsust, lahendades punktiks 60 protsenti r\u00fcnnakutest, mille abil v\u00f5tsid 25:14 geimiv\u00f5idu. Neljandas geimis j\u00e4i Emaj\u00f5elinna v\u00f5istkond 7:14 kaotusseisu ja leppis l\u00f5puks 23:25 kaotusega. Seega saavutas Kaunase v\u00f5istkond 3:1 m\u00e4nguv\u00f5idu.<\/p>\n<p>22 punktiga t\u00f5usis \u00fcleplatsim\u00e4ngijaks Nora Lember. Laura-Liisa Maiste lisas 14, Ingris Suvi 13, Liisbet Pill 10 ja Kairin Tammel 8 punkti. V\u00f5itjad lahendasid 47-protsendilise positiivse vastuv\u00f5tu juures punktiks 40 protsenti r\u00fcnnakutest, tartlannade samad n\u00e4itajad olid 39 ja 39. Blokipunkte m\u00e4rgiti Kaunase esindusele kaheksa ja Tartule 12.<\/p>\n<p>Nora Lember \u00fctles p\u00e4rast finaali, et tema jaoks oli tegemist esimest korda Balti liigas nelja parema hulka j\u00f5udmisega. \u00abOleksin olnud igat v\u00e4rvi medaliga v\u00e4ga rahul. Ilma Valentin Kordaseta (Tartu \u00dclikooli abitreener \u2013 toim.) me ei oleks poolfinaali v\u00f5itnud. Tema on meie seitmes m\u00e4ngija platsil,\u00bb r\u00e4\u00e4kis Lember. Tartu v\u00f5itis raskes poolfinaalis L\u00e4ti RSU 3:2.<\/p>\n<p>Finaalm\u00e4ngu kohta tunnistas Lember, et vastased olid paremad. \u00abEriti serviga. Nad surusid meid h\u00e4sti. See oli k\u00f5ige suurem p\u00f5hjus. Midagi ei kahetse ega v\u00f5taks tagasi,\u00bb \u00fctles m\u00e4ngija.<\/p>\n<p>Eelmisel hooajal Balti liigas viiendaks tulnud Tartu \u00dclikool\/Bigbanki jaoks on tegemist kaheksanda Balti liiga medaliga ja neljanda h\u00f5bedaga. H\u00f5bemedali v\u00f5itis naiskond ka 2019., 2022. ja 2024. aastal. Pronskmedali teenis Tartu \u00dclikool 2008., 2020. ja 2021. aastal ning ainus Balti liiga tiitel p\u00e4rineb 2018. aastast.<\/p>\n","protected":false},"excerpt":{"rendered":"Esimeses geimis parimal juhul seitsme punktiga 19:12 juhtinud tartlannad j\u00f5udsid 24:23 seisul geimpallini ja omasid hiljem veel kaht&hellip;\n","protected":false},"author":2,"featured_media":119142,"comment_status":"","ping_status":"","sticky":false,"template":"","format":"standard","meta":{"footnotes":"","_share_on_mastodon":"0"},"categories":[5],"tags":[3954,26,27,37,33,35,34,36,31,32,21,11501,55479,13821,28,29,55478,19,44660,25,23,24,22,20,30],"class_list":["post-119141","post","type-post","status-publish","format-standard","has-post-thumbnail","category-uldised-uudised","tag-balti-liiga","tag-breaking-news","tag-breakingnews","tag-ee","tag-eesti","tag-eesti-keel","tag-estonia","tag-estonian","tag-featured-news","tag-featurednews","tag-headlines","tag-hobe","tag-ingris-suvi","tag-kaunas","tag-latest-news","tag-latestnews","tag-laura-liisa-maiste","tag-news","tag-nora-lember","tag-populaarseimad-lood","tag-top-stories","tag-topstories","tag-uldised-uudised","tag-uudised","tag-viimased-uudised"],"share_on_mastodon":{"url":"https:\/\/pubeurope.com\/@ee\/116158550726851023","error":""},"_links":{"self":[{"href":"https:\/\/www.europesays.com\/ee\/wp-json\/wp\/v2\/posts\/119141","targetHints":{"allow":["GET"]}}],"collection":[{"href":"https:\/\/www.europesays.com\/ee\/wp-json\/wp\/v2\/posts"}],"about":[{"href":"https:\/\/www.europesays.com\/ee\/wp-json\/wp\/v2\/types\/post"}],"author":[{"embeddable":true,"href":"https:\/\/www.europesays.com\/ee\/wp-json\/wp\/v2\/users\/2"}],"replies":[{"embeddable":true,"href":"https:\/\/www.europesays.com\/ee\/wp-json\/wp\/v2\/comments?post=119141"}],"version-history":[{"count":0,"href":"https:\/\/www.europesays.com\/ee\/wp-json\/wp\/v2\/posts\/119141\/revisions"}],"wp:featuredmedia":[{"embeddable":true,"href":"https:\/\/www.europesays.com\/ee\/wp-json\/wp\/v2\/media\/119142"}],"wp:attachment":[{"href":"https:\/\/www.europesays.com\/ee\/wp-json\/wp\/v2\/media?parent=119141"}],"wp:term":[{"taxonomy":"category","embeddable":true,"href":"https:\/\/www.europesays.com\/ee\/wp-json\/wp\/v2\/categories?post=119141"},{"taxonomy":"post_tag","embeddable":true,"href":"https:\/\/www.europesays.com\/ee\/wp-json\/wp\/v2\/tags?post=119141"}],"curies":[{"name":"wp","href":"https:\/\/api.w.org\/{rel}","templated":true}]}}