{"id":119289,"date":"2026-03-02T11:54:06","date_gmt":"2026-03-02T11:54:06","guid":{"rendered":"https:\/\/www.europesays.com\/ee\/119289\/"},"modified":"2026-03-02T11:54:06","modified_gmt":"2026-03-02T11:54:06","slug":"economist-ali-khamenei-voib-olla-surnud-aga-see-ei-tahenda-et-trump-on-juba-voitnud","status":"publish","type":"post","link":"https:\/\/www.europesays.com\/ee\/119289\/","title":{"rendered":"Economist: Ali Khamenei v\u00f5ib olla surnud, aga see ei t\u00e4henda, et Trump on juba v\u00f5itnud"},"content":{"rendered":"<p class=\"p1\">\u00dchendriikidel ja Iisraelil on praegu ette n\u00e4idata \u00fcks m\u00e4rkisv\u00e4\u00e4rne tulemus: Iraani k\u00f5rgeima juhi ajatolla Ali Khamenei leidmiseks ja tapmiseks kulus vaid \u00fcks p\u00e4ev. V\u00f5rdluseks: 2003. aastal kulus USA-l \u00fcheksa kuud, et tabada Iraagi diktaator Saddam Hussein. Venemaa on \u00fcritanud korduvalt tappa Ukraina presidenti Volod\u00f5m\u00f5r Zelensk\u00f5id, aga see pole \u00f5nnestunud. Khamenei tapmine n\u00e4itab, et USA ja Iisraeli operatsioon on alanud edukalt, aga sellest ei piisa \u2013 t\u00f5en\u00e4oliselt ei t\u00e4henda see s\u00f5ja kiiret l\u00f5ppu. <\/p>\n<p class=\"p1\">Iisraeli peaminister Benjamin Netanyahu \u00fctles, et Iisrael r\u00fcndab l\u00e4hip\u00e4evil Iraanis tuhandeid sihtm\u00e4rke. Netanyahu ja Trump on lubanud v\u00f5itlust j\u00e4tkata nii kaua kui vaja. Ameerika keskv\u00e4ejuhatus (CENTCOM), mis juhib Pentagoni operatsioone L\u00e4his-Idas, teatas, et neile on antud \u00fclesanne lammutada <a rel=\"noopener nofollow\" target=\"_blank\" href=\"https:\/\/www.delfi.ee\/teema\/96882372\/iraani-reziim\" tag-id=\"96882372\">Iraani re\u017eiimi<\/a> julgeolekuaparaat. Eesm\u00e4rk on luua tingimused, et rahvas t\u00f5useks r\u00fcnnakute j\u00e4rel \u00fcles ja kukutaks re\u017eiimi. <\/p>\n<p>Oled juba tellija?Logi sisse<\/p>\n<p><a href=\"https:\/\/www.delfi.ee\/artikkel\/120439590\/economist-ali-khamenei-voib-olla-surnud-aga-see-ei-tahenda-et-trump-on-juba-voitnud\/kommentaarid\" class=\"article-body-bottom__comment article-body-bottom__comment--write button button--primary button--size-auto\" rel=\"nofollow noopener\" target=\"_blank\"> Kommenteeri <\/a><a href=\"https:\/\/www.delfi.ee\/artikkel\/120439590\/economist-ali-khamenei-voib-olla-surnud-aga-see-ei-tahenda-et-trump-on-juba-voitnud\/kommentaarid\" class=\"article-body-bottom__comment article-body-bottom__comment--read button button--size-auto\" rel=\"nofollow noopener\" target=\"_blank\"> Loe kommentaare (13)<\/a><\/p>\n","protected":false},"excerpt":{"rendered":"\u00dchendriikidel ja Iisraelil on praegu ette n\u00e4idata \u00fcks m\u00e4rkisv\u00e4\u00e4rne tulemus: Iraani k\u00f5rgeima juhi ajatolla Ali Khamenei leidmiseks ja&hellip;\n","protected":false},"author":2,"featured_media":119290,"comment_status":"","ping_status":"","sticky":false,"template":"","format":"standard","meta":{"footnotes":"","_share_on_mastodon":"0"},"categories":[80],"tags":[26,27,324,37,33,35,34,36,31,32,21,619,4035,1925,39444,43906,40362,39922,28,29,95,19,25,5196,23,24,22,325,20,30,92,93,94],"class_list":["post-119289","post","type-post","status-publish","format-standard","has-post-thumbnail","category-maailm","tag-breaking-news","tag-breakingnews","tag-donald-trump","tag-ee","tag-eesti","tag-eesti-keel","tag-estonia","tag-estonian","tag-featured-news","tag-featurednews","tag-headlines","tag-iisrael","tag-iisraeli-kaitsevagi","tag-iraan","tag-iraani-protestid","tag-iraani-reziim","tag-iraani-rundamine","tag-iraani-tuumaprogramm","tag-latest-news","tag-latestnews","tag-maailm","tag-news","tag-populaarseimad-lood","tag-the-economist","tag-top-stories","tag-topstories","tag-uldised-uudised","tag-usa","tag-uudised","tag-viimased-uudised","tag-world","tag-world-news","tag-worldnews"],"share_on_mastodon":{"url":"","error":"Validation failed: Text character limit of 500 exceeded"},"_links":{"self":[{"href":"https:\/\/www.europesays.com\/ee\/wp-json\/wp\/v2\/posts\/119289","targetHints":{"allow":["GET"]}}],"collection":[{"href":"https:\/\/www.europesays.com\/ee\/wp-json\/wp\/v2\/posts"}],"about":[{"href":"https:\/\/www.europesays.com\/ee\/wp-json\/wp\/v2\/types\/post"}],"author":[{"embeddable":true,"href":"https:\/\/www.europesays.com\/ee\/wp-json\/wp\/v2\/users\/2"}],"replies":[{"embeddable":true,"href":"https:\/\/www.europesays.com\/ee\/wp-json\/wp\/v2\/comments?post=119289"}],"version-history":[{"count":0,"href":"https:\/\/www.europesays.com\/ee\/wp-json\/wp\/v2\/posts\/119289\/revisions"}],"wp:featuredmedia":[{"embeddable":true,"href":"https:\/\/www.europesays.com\/ee\/wp-json\/wp\/v2\/media\/119290"}],"wp:attachment":[{"href":"https:\/\/www.europesays.com\/ee\/wp-json\/wp\/v2\/media?parent=119289"}],"wp:term":[{"taxonomy":"category","embeddable":true,"href":"https:\/\/www.europesays.com\/ee\/wp-json\/wp\/v2\/categories?post=119289"},{"taxonomy":"post_tag","embeddable":true,"href":"https:\/\/www.europesays.com\/ee\/wp-json\/wp\/v2\/tags?post=119289"}],"curies":[{"name":"wp","href":"https:\/\/api.w.org\/{rel}","templated":true}]}}